{"id":2257,"date":"2012-06-17T19:49:51","date_gmt":"2012-06-17T18:49:51","guid":{"rendered":"http:\/\/www.caths.cz\/wordpress\/?p=2257"},"modified":"2012-06-17T19:49:51","modified_gmt":"2012-06-17T18:49:51","slug":"dve-zlata-pro-ceskou-republiku-zasluhou-jiriho-jezka-a-terezy-diepoldove","status":"publish","type":"post","link":"https:\/\/www.caths.cz\/wordpress\/dve-zlata-pro-ceskou-republiku-zasluhou-jiriho-jezka-a-terezy-diepoldove\/","title":{"rendered":"Dv\u011b zlata pro \u010ceskou republiku z\u00e1sluhou Ji\u0159\u00edho Je\u017eka a Terezy Diepoldov\u00e9!"},"content":{"rendered":"<p align=\"justify\">   Obrovsk\u00e9ho \u00fasp\u011bchu dos\u00e1hli dnes na sv\u011btov\u00e9m poh\u00e1ru v Segovii  \u010de\u0161t\u00ed handicapovan\u00ed cyklist\u00e9. Ji\u0159\u00ed Je\u017eek a Tereza Diepoldov\u00e1 vybojovali v silni\u010dn\u00edm z\u00e1vod\u011b prvn\u00ed m\u00edsto a vezou dom\u016f dal\u0161\u00ed dv\u011b zlat\u00e9 medaile!\n<\/p>\n<p align=\"justify\"> Pro Jirku Je\u017eka je to ji\u017e t\u0159et\u00ed v\u00edt\u011bzstv\u00ed v leto\u0161n\u00edm seri\u00e1lu sv\u011btov\u00e9ho poh\u00e1ru, kter\u00fdm si Jirka upevnil veden\u00ed a i nad\u00e1le bude vozit dres leadera sv\u011btov\u00e9ho poh\u00e1ru. Obh\u00e1jit celkov\u00e9 v\u00edt\u011bzstv\u00ed v SP pojede Ji\u0159\u00ed do kanadsk\u00e9ho Baie Comeau za 14 dn\u00ed. <\/p>\n<p> \u017divotn\u00edm \u00fasp\u011bchem je zisk zlata pro cyklistku s nadkolenn\u00ed amputac\u00ed Terezu Diepoldovou. Tereza zat\u00edm na sv\u00e9 velk\u00e9 v\u00edt\u011bzstv\u00ed st\u00e1le \u010dekala. Po lo\u0148sk\u00e9m zisku dvou bronzov\u00fdch medail\u00ed na mistrovstv\u00ed sv\u011bta a leto\u0161n\u00edm zisku st\u0159\u00edbrn\u00e9 medaile na SP v \u0158\u00edm\u011b v\u0161ichni v\u011b\u0159ili, \u017ee se j\u00ed brzy poda\u0159\u00ed zlato vybojovat. Dnes se p\u0159\u00e1n\u00ed stalo skute\u010dnost\u00ed a Tereza si krom\u011b dvou medail\u00ed z tohoto kola SP veze do \u010cech i pr\u016fb\u011b\u017en\u00e9 druh\u00e9 m\u00edsto v celkov\u00e9m po\u0159ad\u00ed SP.<br \/> Dne\u0161n\u00ed den byl \u00fasp\u011b\u0161n\u00fd i pro dal\u0161\u00ed \u010desk\u00e9 jezdce. V kategorii C4 obsadil st\u0159\u00edbrnou p\u0159\u00ed\u010dku za Ji\u0159\u00edm Je\u017ekem Ji\u0159\u00ed Bou\u0161ka a v kategorii C2 skon\u010dil na \u010dtvrt\u00e9m m\u00edst\u011b Ivo Koblasa. Michal Stark bojoval do posledn\u00edho zbytku sil v z\u00e1v\u011bre\u010dn\u00e9m spurtu kategorie C2. Nakonec z toho bylo dev\u00e1t\u00e9 m\u00edsto pro tohoto na\u0161eho veter\u00e1na.<\/p>\n<p> Dal\u0161\u00ed podrobnosti ze z\u00e1vodu brzy p\u0159ineseme<\/p>\n<p> <img decoding=\"async\" src=\"\/wordpress\/image\/sekretarky\/cyklistika\/sp segovia\/IMG_1600.jpg\"> <\/p>\n","protected":false},"excerpt":{"rendered":"<a href=\"https:\/\/www.caths.cz\/wordpress\/dve-zlata-pro-ceskou-republiku-zasluhou-jiriho-jezka-a-terezy-diepoldove\/\"><img loading=\"lazy\" decoding=\"async\" width=\"100\" height=\"100\" src=\"https:\/\/www.caths.cz\/wordpress\/wp-content\/plugins\/thumbnail-for-excerpts\/tfe_no_thumb.png\" class=\"alignleft wp-post-image tfe\" alt=\"\" title=\"\" \/><\/a><p>Obrovsk\u00e9ho \u00fasp\u011bchu dos\u00e1hli dnes na sv\u011btov\u00e9m poh\u00e1ru v Segovii \u010de\u0161t\u00ed handicapovan\u00ed cyklist\u00e9. Ji\u0159\u00ed Je\u017eek a Tereza Diepoldov\u00e1 vybojovali v silni\u010dn\u00edm z\u00e1vod\u011b prvn\u00ed m\u00edsto a vezou dom\u016f dal\u0161\u00ed dv\u011b zlat\u00e9 medaile! [&hellip;]<\/p>\n","protected":false},"author":1,"featured_media":0,"comment_status":"closed","ping_status":"closed","sticky":false,"template":"","format":"standard","meta":{"ngg_post_thumbnail":0,"footnotes":""},"categories":[2],"tags":[],"class_list":["post-2257","post","type-post","status-publish","format-standard","hentry","category-cyklistika"],"_links":{"self":[{"href":"https:\/\/www.caths.cz\/wordpress\/wp-json\/wp\/v2\/posts\/2257","targetHints":{"allow":["GET"]}}],"collection":[{"href":"https:\/\/www.caths.cz\/wordpress\/wp-json\/wp\/v2\/posts"}],"about":[{"href":"https:\/\/www.caths.cz\/wordpress\/wp-json\/wp\/v2\/types\/post"}],"author":[{"embeddable":true,"href":"https:\/\/www.caths.cz\/wordpress\/wp-json\/wp\/v2\/users\/1"}],"replies":[{"embeddable":true,"href":"https:\/\/www.caths.cz\/wordpress\/wp-json\/wp\/v2\/comments?post=2257"}],"version-history":[{"count":0,"href":"https:\/\/www.caths.cz\/wordpress\/wp-json\/wp\/v2\/posts\/2257\/revisions"}],"wp:attachment":[{"href":"https:\/\/www.caths.cz\/wordpress\/wp-json\/wp\/v2\/media?parent=2257"}],"wp:term":[{"taxonomy":"category","embeddable":true,"href":"https:\/\/www.caths.cz\/wordpress\/wp-json\/wp\/v2\/categories?post=2257"},{"taxonomy":"post_tag","embeddable":true,"href":"https:\/\/www.caths.cz\/wordpress\/wp-json\/wp\/v2\/tags?post=2257"}],"curies":[{"name":"wp","href":"https:\/\/api.w.org\/{rel}","templated":true}]}}