{"id":22532,"date":"2016-01-05T20:03:23","date_gmt":"2016-01-05T19:03:23","guid":{"rendered":"http:\/\/www.caths.cz\/wordpress\/?p=22532"},"modified":"2016-01-06T15:21:11","modified_gmt":"2016-01-06T14:21:11","slug":"uspech-ceske-lyzarky-kristyny-krenove-v-prvnim-zavode-roku-2016","status":"publish","type":"post","link":"https:\/\/www.caths.cz\/wordpress\/uspech-ceske-lyzarky-kristyny-krenove-v-prvnim-zavode-roku-2016\/","title":{"rendered":"\u00dasp\u011bch \u010desk\u00e9 ly\u017ea\u0159ky Krist\u00fdny K\u0159enov\u00e9 v prvn\u00edm z\u00e1vod\u011b roku 2016"},"content":{"rendered":"<p>V uplynul\u00fdch dvou dnech prob\u011bhly \u00a0rakousk\u00e9m Roll Rinn mezin\u00e1rodn\u00ed z\u00e1vody v alpsk\u00e9m ly\u017eov\u00e1n\u00ed IPCAS.<\/p>\n<p>\u010ceskou republiku reprezentovali dva ly\u017ea\u0159i &#8211; Krist\u00fdna K\u0159enov\u00e1 a Petr Draho\u0161. Na programu byly dva z\u00e1vody ve slalomu a p\u0159edev\u0161\u00edm \u010desk\u00e9 z\u00e1vodnici se da\u0159ilo.<\/p>\n<p>Ve v\u010derej\u0161\u00edm z\u00e1vod\u011b podala v obou kolech vynikaj\u00edc\u00ed v\u00fdkon Krist\u00fdna a vybojovala kr\u00e1sn\u00e9 druh\u00e9 m\u00edsto. V dne\u0161n\u00edm z\u00e1vod\u011b se pak um\u00edstila o p\u0159\u00ed\u010dku n\u00ed\u017ee a to na t\u0159et\u00edm m\u00edst\u011b.<\/p>\n<p>Petr Draho\u0161, kter\u00fd zat\u00edm jako nov\u00e1\u010dek sb\u00edr\u00e1 zku\u0161enosti, obsadil dev\u00e1t\u00e9 m\u00edsto.<\/p>\n<p><a href=\"http:\/\/www.caths.cz\/wordpress\/wp-content\/uploads\/2016\/01\/12483672_10203784121443249_1127524400_n.jpg\"><img loading=\"lazy\" decoding=\"async\" class=\"alignnone size-full wp-image-22535\" src=\"http:\/\/www.caths.cz\/wordpress\/wp-content\/uploads\/2016\/01\/12483672_10203784121443249_1127524400_n.jpg\" alt=\"12483672_10203784121443249_1127524400_n\" width=\"960\" height=\"717\" srcset=\"https:\/\/www.caths.cz\/wordpress\/wp-content\/uploads\/2016\/01\/12483672_10203784121443249_1127524400_n.jpg 960w, https:\/\/www.caths.cz\/wordpress\/wp-content\/uploads\/2016\/01\/12483672_10203784121443249_1127524400_n-300x224.jpg 300w, https:\/\/www.caths.cz\/wordpress\/wp-content\/uploads\/2016\/01\/12483672_10203784121443249_1127524400_n-120x90.jpg 120w\" sizes=\"auto, (max-width: 960px) 100vw, 960px\" \/><\/a> <a href=\"http:\/\/www.caths.cz\/wordpress\/wp-content\/uploads\/2016\/01\/12498508_10203784125123341_728916227_n.jpg\"><img loading=\"lazy\" decoding=\"async\" class=\"alignnone size-large wp-image-22536\" src=\"http:\/\/www.caths.cz\/wordpress\/wp-content\/uploads\/2016\/01\/12498508_10203784125123341_728916227_n.jpg\" alt=\"12498508_10203784125123341_728916227_n\" width=\"600\" height=\"818\" srcset=\"https:\/\/www.caths.cz\/wordpress\/wp-content\/uploads\/2016\/01\/12498508_10203784125123341_728916227_n.jpg 704w, https:\/\/www.caths.cz\/wordpress\/wp-content\/uploads\/2016\/01\/12498508_10203784125123341_728916227_n-220x300.jpg 220w, https:\/\/www.caths.cz\/wordpress\/wp-content\/uploads\/2016\/01\/12498508_10203784125123341_728916227_n-88x120.jpg 88w\" sizes=\"auto, (max-width: 600px) 100vw, 600px\" \/><\/a> <a href=\"http:\/\/www.caths.cz\/wordpress\/wp-content\/uploads\/2016\/01\/12498870_10203784124363322_1416942648_n.jpg\"><img loading=\"lazy\" decoding=\"async\" class=\"alignnone size-large wp-image-22537\" src=\"http:\/\/www.caths.cz\/wordpress\/wp-content\/uploads\/2016\/01\/12498870_10203784124363322_1416942648_n.jpg\" alt=\"12498870_10203784124363322_1416942648_n\" width=\"600\" height=\"448\" srcset=\"https:\/\/www.caths.cz\/wordpress\/wp-content\/uploads\/2016\/01\/12498870_10203784124363322_1416942648_n.jpg 960w, https:\/\/www.caths.cz\/wordpress\/wp-content\/uploads\/2016\/01\/12498870_10203784124363322_1416942648_n-300x224.jpg 300w, https:\/\/www.caths.cz\/wordpress\/wp-content\/uploads\/2016\/01\/12498870_10203784124363322_1416942648_n-120x90.jpg 120w\" sizes=\"auto, (max-width: 600px) 100vw, 600px\" \/><\/a><\/p>\n<p><a href=\"http:\/\/www.caths.cz\/wordpress\/wp-content\/uploads\/2016\/01\/krist\u00fdna-krenova.jpg\"><img loading=\"lazy\" decoding=\"async\" class=\"alignnone size-large wp-image-22533\" src=\"http:\/\/www.caths.cz\/wordpress\/wp-content\/uploads\/2016\/01\/krist\u00fdna-krenova-1024x719.jpg\" alt=\"krist\u00fdna krenova\" width=\"600\" height=\"421\" srcset=\"https:\/\/www.caths.cz\/wordpress\/wp-content\/uploads\/2016\/01\/krist\u00fdna-krenova-1024x719.jpg 1024w, https:\/\/www.caths.cz\/wordpress\/wp-content\/uploads\/2016\/01\/krist\u00fdna-krenova-300x211.jpg 300w, https:\/\/www.caths.cz\/wordpress\/wp-content\/uploads\/2016\/01\/krist\u00fdna-krenova-120x84.jpg 120w, https:\/\/www.caths.cz\/wordpress\/wp-content\/uploads\/2016\/01\/krist\u00fdna-krenova.jpg 1103w\" sizes=\"auto, (max-width: 600px) 100vw, 600px\" \/><\/a><\/p>\n","protected":false},"excerpt":{"rendered":"<a href=\"https:\/\/www.caths.cz\/wordpress\/uspech-ceske-lyzarky-kristyny-krenove-v-prvnim-zavode-roku-2016\/\"><img width=\"100\" height=\"100\" src=\"https:\/\/www.caths.cz\/wordpress\/wp-content\/uploads\/2016\/01\/krist\u00fdna-krenova-100x100.jpg\" class=\"alignleft tfe wp-post-image\" alt=\"\" decoding=\"async\" loading=\"lazy\" srcset=\"https:\/\/www.caths.cz\/wordpress\/wp-content\/uploads\/2016\/01\/krist\u00fdna-krenova-100x100.jpg 100w, https:\/\/www.caths.cz\/wordpress\/wp-content\/uploads\/2016\/01\/krist\u00fdna-krenova-150x150.jpg 150w\" sizes=\"auto, (max-width: 100px) 100vw, 100px\" \/><\/a><p>V uplynul\u00fdch dvou dnech prob\u011bhly \u00a0rakousk\u00e9m Roll Rinn mezin\u00e1rodn\u00ed z\u00e1vody v alpsk\u00e9m ly\u017eov\u00e1n\u00ed IPCAS. \u010ceskou republiku reprezentovali dva ly\u017ea\u0159i &#8211; Krist\u00fdna K\u0159enov\u00e1 a Petr Draho\u0161. Na programu byly dva z\u00e1vody [&hellip;]<\/p>\n","protected":false},"author":1,"featured_media":22533,"comment_status":"closed","ping_status":"closed","sticky":false,"template":"","format":"standard","meta":{"ngg_post_thumbnail":0,"footnotes":""},"categories":[14],"tags":[],"class_list":["post-22532","post","type-post","status-publish","format-standard","has-post-thumbnail","hentry","category-lyzovani"],"_links":{"self":[{"href":"https:\/\/www.caths.cz\/wordpress\/wp-json\/wp\/v2\/posts\/22532","targetHints":{"allow":["GET"]}}],"collection":[{"href":"https:\/\/www.caths.cz\/wordpress\/wp-json\/wp\/v2\/posts"}],"about":[{"href":"https:\/\/www.caths.cz\/wordpress\/wp-json\/wp\/v2\/types\/post"}],"author":[{"embeddable":true,"href":"https:\/\/www.caths.cz\/wordpress\/wp-json\/wp\/v2\/users\/1"}],"replies":[{"embeddable":true,"href":"https:\/\/www.caths.cz\/wordpress\/wp-json\/wp\/v2\/comments?post=22532"}],"version-history":[{"count":2,"href":"https:\/\/www.caths.cz\/wordpress\/wp-json\/wp\/v2\/posts\/22532\/revisions"}],"predecessor-version":[{"id":22538,"href":"https:\/\/www.caths.cz\/wordpress\/wp-json\/wp\/v2\/posts\/22532\/revisions\/22538"}],"wp:featuredmedia":[{"embeddable":true,"href":"https:\/\/www.caths.cz\/wordpress\/wp-json\/wp\/v2\/media\/22533"}],"wp:attachment":[{"href":"https:\/\/www.caths.cz\/wordpress\/wp-json\/wp\/v2\/media?parent=22532"}],"wp:term":[{"taxonomy":"category","embeddable":true,"href":"https:\/\/www.caths.cz\/wordpress\/wp-json\/wp\/v2\/categories?post=22532"},{"taxonomy":"post_tag","embeddable":true,"href":"https:\/\/www.caths.cz\/wordpress\/wp-json\/wp\/v2\/tags?post=22532"}],"curies":[{"name":"wp","href":"https:\/\/api.w.org\/{rel}","templated":true}]}}