{"id":22511,"date":"2015-12-20T21:51:39","date_gmt":"2015-12-20T20:51:39","guid":{"rendered":"http:\/\/www.caths.cz\/wordpress\/?p=22511"},"modified":"2015-12-20T21:58:35","modified_gmt":"2015-12-20T20:58:35","slug":"v-motole-se-rozdavaly-posledni-mistrovske-medaile-roku-2015","status":"publish","type":"post","link":"https:\/\/www.caths.cz\/wordpress\/v-motole-se-rozdavaly-posledni-mistrovske-medaile-roku-2015\/","title":{"rendered":"V Motole se rozd\u00e1valy posledn\u00ed mistrovsk\u00e9 medaile roku 2015"},"content":{"rendered":"<p>U\u017e tradi\u010dn\u00ed, p\u0159edv\u00e1no\u010dn\u00ed Mistrovstv\u00ed \u010cesk\u00e9 republiky m\u011bli na programu dr\u00e1hov\u00ed cyklist\u00e9.<\/p>\n<p>Tradi\u010dn\u00ed je tak\u00e9 integra\u010dn\u00ed aspekt cel\u00e9 akce, a tak se dr\u00e1hov\u00fd \u0161ampion\u00e1t handicapovan\u00fdch po\u0159\u00e1d\u00e1 spole\u010dn\u011b s\u00a0dr\u00e1hov\u00fdm mistrovstv\u00edm cyklist\u016f bez handicapu.<\/p>\n<p>No a kone\u010dn\u011b, tradi\u010dn\u00ed jsou i po\u0159adatel\u00e9 &#8211; TEAM DUKLA Praha a SKC Praha Nutrend Specialized Racing ve spolupr\u00e1ci s\u00a0\u010cATHS.<\/p>\n<p>Po\u0159adatel\u016fm se v\u00a0motolsk\u00e9 hale poda\u0159ilo vytvo\u0159it n\u00e1dhern\u00e9 z\u00e1vody s\u00a0velmi emotivn\u00ed a bou\u0159livou atmosf\u00e9rou a p\u0159edev\u0161\u00edm, s\u00a0vynikaj\u00edc\u00edmi sportovn\u00edmi v\u00fdkony.<\/p>\n<p><strong>Dr\u00e1hov\u00fdmi Mistry \u010cesk\u00e9 republiky se pro rok 2015 v\u00a0kategorii handicapovan\u00fdch cyklist\u016f stali:<\/strong><br \/>\nst\u00edhac\u00ed z\u00e1vod: Tereza Diepoldov\u00e1 C2, Ivo Koblasa C2, Ji\u0159\u00ed Je\u017eek C4, Tom\u00e1\u0161 Kajnar C5<br \/>\n500 \/ 1000m: \u00a0Tereza Diepoldov\u00e1 C2, Ivo Koblasa C2, Libor Zaj\u00edc C5<\/p>\n<p><a href=\"http:\/\/www.caths.cz\/wordpress\/wp-content\/uploads\/2015\/12\/skupina.jpg\"><img loading=\"lazy\" decoding=\"async\" class=\"alignnone size-large wp-image-22514\" src=\"http:\/\/www.caths.cz\/wordpress\/wp-content\/uploads\/2015\/12\/skupina-1024x576.jpg\" alt=\"skupina\" width=\"600\" height=\"338\" srcset=\"https:\/\/www.caths.cz\/wordpress\/wp-content\/uploads\/2015\/12\/skupina-1024x576.jpg 1024w, https:\/\/www.caths.cz\/wordpress\/wp-content\/uploads\/2015\/12\/skupina-300x169.jpg 300w, https:\/\/www.caths.cz\/wordpress\/wp-content\/uploads\/2015\/12\/skupina-120x68.jpg 120w, https:\/\/www.caths.cz\/wordpress\/wp-content\/uploads\/2015\/12\/skupina.jpg 1200w\" sizes=\"auto, (max-width: 600px) 100vw, 600px\" \/><\/a><\/p>\n<p><a href=\"http:\/\/www.caths.cz\/wordpress\/wp-content\/uploads\/2015\/12\/20151220_100020.jpg\"><img loading=\"lazy\" decoding=\"async\" class=\"alignnone size-large wp-image-22517\" src=\"http:\/\/www.caths.cz\/wordpress\/wp-content\/uploads\/2015\/12\/20151220_100020-1024x576.jpg\" alt=\"20151220_100020\" width=\"600\" height=\"338\" srcset=\"https:\/\/www.caths.cz\/wordpress\/wp-content\/uploads\/2015\/12\/20151220_100020-1024x576.jpg 1024w, https:\/\/www.caths.cz\/wordpress\/wp-content\/uploads\/2015\/12\/20151220_100020-300x169.jpg 300w, https:\/\/www.caths.cz\/wordpress\/wp-content\/uploads\/2015\/12\/20151220_100020-120x68.jpg 120w, https:\/\/www.caths.cz\/wordpress\/wp-content\/uploads\/2015\/12\/20151220_100020.jpg 1200w\" sizes=\"auto, (max-width: 600px) 100vw, 600px\" \/><\/a><\/p>\n<p><a href=\"http:\/\/www.caths.cz\/wordpress\/wp-content\/uploads\/2015\/12\/DSC_4283.jpg\"><img loading=\"lazy\" decoding=\"async\" class=\"alignnone size-large wp-image-22518\" src=\"http:\/\/www.caths.cz\/wordpress\/wp-content\/uploads\/2015\/12\/DSC_4283-1024x681.jpg\" alt=\"DSC_4283\" width=\"600\" height=\"399\" srcset=\"https:\/\/www.caths.cz\/wordpress\/wp-content\/uploads\/2015\/12\/DSC_4283-1024x681.jpg 1024w, https:\/\/www.caths.cz\/wordpress\/wp-content\/uploads\/2015\/12\/DSC_4283-300x199.jpg 300w, https:\/\/www.caths.cz\/wordpress\/wp-content\/uploads\/2015\/12\/DSC_4283-120x80.jpg 120w, https:\/\/www.caths.cz\/wordpress\/wp-content\/uploads\/2015\/12\/DSC_4283.jpg 1155w\" sizes=\"auto, (max-width: 600px) 100vw, 600px\" \/><\/a> <a href=\"http:\/\/www.caths.cz\/wordpress\/wp-content\/uploads\/2015\/12\/mcr-dr\u00e1ha-064.jpg\"><img loading=\"lazy\" decoding=\"async\" class=\"alignnone size-large wp-image-22519\" src=\"http:\/\/www.caths.cz\/wordpress\/wp-content\/uploads\/2015\/12\/mcr-dr\u00e1ha-064-1024x683.jpg\" alt=\"mcr dr\u00e1ha 064\" width=\"600\" height=\"400\" srcset=\"https:\/\/www.caths.cz\/wordpress\/wp-content\/uploads\/2015\/12\/mcr-dr\u00e1ha-064-1024x683.jpg 1024w, https:\/\/www.caths.cz\/wordpress\/wp-content\/uploads\/2015\/12\/mcr-dr\u00e1ha-064-300x200.jpg 300w, https:\/\/www.caths.cz\/wordpress\/wp-content\/uploads\/2015\/12\/mcr-dr\u00e1ha-064-120x80.jpg 120w, https:\/\/www.caths.cz\/wordpress\/wp-content\/uploads\/2015\/12\/mcr-dr\u00e1ha-064.jpg 1152w\" sizes=\"auto, (max-width: 600px) 100vw, 600px\" \/><\/a> <a href=\"http:\/\/www.caths.cz\/wordpress\/wp-content\/uploads\/2015\/12\/mcr-dr\u00e1ha-070.jpg\"><img loading=\"lazy\" decoding=\"async\" class=\"alignnone size-large wp-image-22520\" src=\"http:\/\/www.caths.cz\/wordpress\/wp-content\/uploads\/2015\/12\/mcr-dr\u00e1ha-070-1024x683.jpg\" alt=\"mcr dr\u00e1ha 070\" width=\"600\" height=\"400\" srcset=\"https:\/\/www.caths.cz\/wordpress\/wp-content\/uploads\/2015\/12\/mcr-dr\u00e1ha-070-1024x683.jpg 1024w, https:\/\/www.caths.cz\/wordpress\/wp-content\/uploads\/2015\/12\/mcr-dr\u00e1ha-070-300x200.jpg 300w, https:\/\/www.caths.cz\/wordpress\/wp-content\/uploads\/2015\/12\/mcr-dr\u00e1ha-070-120x80.jpg 120w, https:\/\/www.caths.cz\/wordpress\/wp-content\/uploads\/2015\/12\/mcr-dr\u00e1ha-070.jpg 1152w\" sizes=\"auto, (max-width: 600px) 100vw, 600px\" \/><\/a> <a href=\"http:\/\/www.caths.cz\/wordpress\/wp-content\/uploads\/2015\/12\/mcr-dr\u00e1ha-084.jpg\"><img loading=\"lazy\" decoding=\"async\" class=\"alignnone size-large wp-image-22521\" src=\"http:\/\/www.caths.cz\/wordpress\/wp-content\/uploads\/2015\/12\/mcr-dr\u00e1ha-084-1024x683.jpg\" alt=\"mcr dr\u00e1ha 084\" width=\"600\" height=\"400\" srcset=\"https:\/\/www.caths.cz\/wordpress\/wp-content\/uploads\/2015\/12\/mcr-dr\u00e1ha-084-1024x683.jpg 1024w, https:\/\/www.caths.cz\/wordpress\/wp-content\/uploads\/2015\/12\/mcr-dr\u00e1ha-084-300x200.jpg 300w, https:\/\/www.caths.cz\/wordpress\/wp-content\/uploads\/2015\/12\/mcr-dr\u00e1ha-084-120x80.jpg 120w, https:\/\/www.caths.cz\/wordpress\/wp-content\/uploads\/2015\/12\/mcr-dr\u00e1ha-084.jpg 1152w\" sizes=\"auto, (max-width: 600px) 100vw, 600px\" \/><\/a> <a href=\"http:\/\/www.caths.cz\/wordpress\/wp-content\/uploads\/2015\/12\/mcr-dr\u00e1ha-095.jpg\"><img loading=\"lazy\" decoding=\"async\" class=\"alignnone size-large wp-image-22522\" src=\"http:\/\/www.caths.cz\/wordpress\/wp-content\/uploads\/2015\/12\/mcr-dr\u00e1ha-095-1024x683.jpg\" alt=\"mcr dr\u00e1ha 095\" width=\"600\" height=\"400\" srcset=\"https:\/\/www.caths.cz\/wordpress\/wp-content\/uploads\/2015\/12\/mcr-dr\u00e1ha-095-1024x683.jpg 1024w, https:\/\/www.caths.cz\/wordpress\/wp-content\/uploads\/2015\/12\/mcr-dr\u00e1ha-095-300x200.jpg 300w, https:\/\/www.caths.cz\/wordpress\/wp-content\/uploads\/2015\/12\/mcr-dr\u00e1ha-095-120x80.jpg 120w, https:\/\/www.caths.cz\/wordpress\/wp-content\/uploads\/2015\/12\/mcr-dr\u00e1ha-095.jpg 1152w\" sizes=\"auto, (max-width: 600px) 100vw, 600px\" \/><\/a> <a href=\"http:\/\/www.caths.cz\/wordpress\/wp-content\/uploads\/2015\/12\/mcr-dr\u00e1ha-107.jpg\"><img loading=\"lazy\" decoding=\"async\" class=\"alignnone size-large wp-image-22523\" src=\"http:\/\/www.caths.cz\/wordpress\/wp-content\/uploads\/2015\/12\/mcr-dr\u00e1ha-107-1024x683.jpg\" alt=\"mcr dr\u00e1ha 107\" width=\"600\" height=\"400\" srcset=\"https:\/\/www.caths.cz\/wordpress\/wp-content\/uploads\/2015\/12\/mcr-dr\u00e1ha-107-1024x683.jpg 1024w, https:\/\/www.caths.cz\/wordpress\/wp-content\/uploads\/2015\/12\/mcr-dr\u00e1ha-107-300x200.jpg 300w, https:\/\/www.caths.cz\/wordpress\/wp-content\/uploads\/2015\/12\/mcr-dr\u00e1ha-107-120x80.jpg 120w, https:\/\/www.caths.cz\/wordpress\/wp-content\/uploads\/2015\/12\/mcr-dr\u00e1ha-107.jpg 1152w\" sizes=\"auto, (max-width: 600px) 100vw, 600px\" \/><\/a> <a href=\"http:\/\/www.caths.cz\/wordpress\/wp-content\/uploads\/2015\/12\/mcr-dr\u00e1ha-120.jpg\"><img loading=\"lazy\" decoding=\"async\" class=\"alignnone size-large wp-image-22524\" src=\"http:\/\/www.caths.cz\/wordpress\/wp-content\/uploads\/2015\/12\/mcr-dr\u00e1ha-120-1024x683.jpg\" alt=\"mcr dr\u00e1ha 120\" width=\"600\" height=\"400\" srcset=\"https:\/\/www.caths.cz\/wordpress\/wp-content\/uploads\/2015\/12\/mcr-dr\u00e1ha-120-1024x683.jpg 1024w, https:\/\/www.caths.cz\/wordpress\/wp-content\/uploads\/2015\/12\/mcr-dr\u00e1ha-120-300x200.jpg 300w, https:\/\/www.caths.cz\/wordpress\/wp-content\/uploads\/2015\/12\/mcr-dr\u00e1ha-120-120x80.jpg 120w, https:\/\/www.caths.cz\/wordpress\/wp-content\/uploads\/2015\/12\/mcr-dr\u00e1ha-120.jpg 1152w\" sizes=\"auto, (max-width: 600px) 100vw, 600px\" \/><\/a> <a href=\"http:\/\/www.caths.cz\/wordpress\/wp-content\/uploads\/2015\/12\/mcr-dr\u00e1ha-127.jpg\"><img loading=\"lazy\" decoding=\"async\" class=\"alignnone size-large wp-image-22525\" src=\"http:\/\/www.caths.cz\/wordpress\/wp-content\/uploads\/2015\/12\/mcr-dr\u00e1ha-127-1024x683.jpg\" alt=\"mcr dr\u00e1ha 127\" width=\"600\" height=\"400\" srcset=\"https:\/\/www.caths.cz\/wordpress\/wp-content\/uploads\/2015\/12\/mcr-dr\u00e1ha-127-1024x683.jpg 1024w, https:\/\/www.caths.cz\/wordpress\/wp-content\/uploads\/2015\/12\/mcr-dr\u00e1ha-127-300x200.jpg 300w, https:\/\/www.caths.cz\/wordpress\/wp-content\/uploads\/2015\/12\/mcr-dr\u00e1ha-127-120x80.jpg 120w, https:\/\/www.caths.cz\/wordpress\/wp-content\/uploads\/2015\/12\/mcr-dr\u00e1ha-127.jpg 1152w\" sizes=\"auto, (max-width: 600px) 100vw, 600px\" \/><\/a> <a href=\"http:\/\/www.caths.cz\/wordpress\/wp-content\/uploads\/2015\/12\/mcr-dr\u00e1ha-129.jpg\"><img loading=\"lazy\" decoding=\"async\" class=\"alignnone size-large wp-image-22526\" src=\"http:\/\/www.caths.cz\/wordpress\/wp-content\/uploads\/2015\/12\/mcr-dr\u00e1ha-129-1024x683.jpg\" alt=\"mcr dr\u00e1ha 129\" width=\"600\" height=\"400\" srcset=\"https:\/\/www.caths.cz\/wordpress\/wp-content\/uploads\/2015\/12\/mcr-dr\u00e1ha-129-1024x683.jpg 1024w, https:\/\/www.caths.cz\/wordpress\/wp-content\/uploads\/2015\/12\/mcr-dr\u00e1ha-129-300x200.jpg 300w, https:\/\/www.caths.cz\/wordpress\/wp-content\/uploads\/2015\/12\/mcr-dr\u00e1ha-129-120x80.jpg 120w, https:\/\/www.caths.cz\/wordpress\/wp-content\/uploads\/2015\/12\/mcr-dr\u00e1ha-129.jpg 1152w\" sizes=\"auto, (max-width: 600px) 100vw, 600px\" \/><\/a><\/p>\n<p>&nbsp;<\/p>\n<p>&nbsp;<\/p>\n","protected":false},"excerpt":{"rendered":"<a href=\"https:\/\/www.caths.cz\/wordpress\/v-motole-se-rozdavaly-posledni-mistrovske-medaile-roku-2015\/\"><img width=\"100\" height=\"100\" src=\"https:\/\/www.caths.cz\/wordpress\/wp-content\/uploads\/2015\/12\/skupina-100x100.jpg\" class=\"alignleft tfe wp-post-image\" alt=\"\" decoding=\"async\" loading=\"lazy\" srcset=\"https:\/\/www.caths.cz\/wordpress\/wp-content\/uploads\/2015\/12\/skupina-100x100.jpg 100w, https:\/\/www.caths.cz\/wordpress\/wp-content\/uploads\/2015\/12\/skupina-150x150.jpg 150w\" sizes=\"auto, (max-width: 100px) 100vw, 100px\" \/><\/a><p>U\u017e tradi\u010dn\u00ed, p\u0159edv\u00e1no\u010dn\u00ed Mistrovstv\u00ed \u010cesk\u00e9 republiky m\u011bli na programu dr\u00e1hov\u00ed cyklist\u00e9. Tradi\u010dn\u00ed je tak\u00e9 integra\u010dn\u00ed aspekt cel\u00e9 akce, a tak se dr\u00e1hov\u00fd \u0161ampion\u00e1t handicapovan\u00fdch po\u0159\u00e1d\u00e1 spole\u010dn\u011b s\u00a0dr\u00e1hov\u00fdm mistrovstv\u00edm cyklist\u016f bez [&hellip;]<\/p>\n","protected":false},"author":1,"featured_media":22514,"comment_status":"closed","ping_status":"closed","sticky":false,"template":"","format":"standard","meta":{"ngg_post_thumbnail":0,"footnotes":""},"categories":[2],"tags":[],"class_list":["post-22511","post","type-post","status-publish","format-standard","has-post-thumbnail","hentry","category-cyklistika"],"_links":{"self":[{"href":"https:\/\/www.caths.cz\/wordpress\/wp-json\/wp\/v2\/posts\/22511","targetHints":{"allow":["GET"]}}],"collection":[{"href":"https:\/\/www.caths.cz\/wordpress\/wp-json\/wp\/v2\/posts"}],"about":[{"href":"https:\/\/www.caths.cz\/wordpress\/wp-json\/wp\/v2\/types\/post"}],"author":[{"embeddable":true,"href":"https:\/\/www.caths.cz\/wordpress\/wp-json\/wp\/v2\/users\/1"}],"replies":[{"embeddable":true,"href":"https:\/\/www.caths.cz\/wordpress\/wp-json\/wp\/v2\/comments?post=22511"}],"version-history":[{"count":3,"href":"https:\/\/www.caths.cz\/wordpress\/wp-json\/wp\/v2\/posts\/22511\/revisions"}],"predecessor-version":[{"id":22527,"href":"https:\/\/www.caths.cz\/wordpress\/wp-json\/wp\/v2\/posts\/22511\/revisions\/22527"}],"wp:featuredmedia":[{"embeddable":true,"href":"https:\/\/www.caths.cz\/wordpress\/wp-json\/wp\/v2\/media\/22514"}],"wp:attachment":[{"href":"https:\/\/www.caths.cz\/wordpress\/wp-json\/wp\/v2\/media?parent=22511"}],"wp:term":[{"taxonomy":"category","embeddable":true,"href":"https:\/\/www.caths.cz\/wordpress\/wp-json\/wp\/v2\/categories?post=22511"},{"taxonomy":"post_tag","embeddable":true,"href":"https:\/\/www.caths.cz\/wordpress\/wp-json\/wp\/v2\/tags?post=22511"}],"curies":[{"name":"wp","href":"https:\/\/api.w.org\/{rel}","templated":true}]}}