{"id":22507,"date":"2015-12-16T14:44:26","date_gmt":"2015-12-16T13:44:26","guid":{"rendered":"http:\/\/www.caths.cz\/wordpress\/?p=22507"},"modified":"2015-12-16T14:50:26","modified_gmt":"2015-12-16T13:50:26","slug":"posledni-letosni-drahove-mistrovstvi-cr","status":"publish","type":"post","link":"https:\/\/www.caths.cz\/wordpress\/posledni-letosni-drahove-mistrovstvi-cr\/","title":{"rendered":"Posledn\u00ed leto\u0161n\u00ed dr\u00e1hov\u00e9 mistrovstv\u00ed \u010cR"},"content":{"rendered":"<p>O posledn\u00ed mistrovsk\u00e9 medaile leto\u0161n\u00edho roku budou \u010de\u0161t\u00ed dr\u00e1ha\u0159i bojovat v p\u00e1tek 18. prosince a o den pozd\u011bji na motolsk\u00e9m velodromu v r\u00e1mci m\u00edtinku &#8222;Mistrovstv\u00ed Planety 2015&#8220;.<\/p>\n<p>Hlavn\u00ed ve\u010dern\u00ed program odstartuje v 17:00 elitn\u00ed dru\u017estvo \u017een Dukly Praha pokusem o vytvo\u0159en\u00ed nov\u00e9ho \u010desk\u00e9ho rekordu \u017een ve st\u00edhac\u00edm z\u00e1vodu na 4 km. Na n\u011b nav\u00e1\u017e\u00ed ve stejn\u00e9 discipl\u00edn\u011b mu\u017ei p\u0159i fin\u00e1lov\u00fdch j\u00edzd\u00e1ch o tituly mistr\u016f republiky ve st\u00edha\u010dce dru\u017estev.<\/p>\n<p>Dal\u0161\u00edm bodem programu bude Velk\u00e1 cena Dukly Praha v atraktivn\u00edch vylu\u010dovac\u00edch z\u00e1vodech, kter\u00e9 postupn\u011b prob\u011bhnou ve v\u0161ech v\u011bkov\u00fdch kategori\u00edch od nejmlad\u0161\u00edch \u017e\u00e1k\u016f po juniory. Posledn\u00ed vylu\u010dova\u010dku pojedou \u017eeny, kde se mimo jin\u00e9 p\u0159edstav\u00ed i mistryn\u011b sv\u011bta v bodova\u010dce z roku 2013 Jarmila Macha\u010dov\u00e1.<\/p>\n<p>Cel\u00fd ve\u010der vyvrchol\u00ed mistrovsk\u00fdm bodovac\u00edm z\u00e1vodem mu\u017e\u016f na 40 km, ve kter\u00e9m se o titul poperou mj. i exmist\u0159i republiky v t\u00e9to discipl\u00edn\u011b Martin Bl\u00e1ha a Vojt\u011bch Ha\u010deck\u00fd, oba vicemist\u0159i sv\u011bta v madisonu z roku 2014.<\/p>\n<p>Mistr republiky bude dekorov\u00e1n na velodromu v ulici Nad Hlin\u00edkem v pra\u017esk\u00e9m Motole kolem 21:00, po vyhl\u00e1\u0161en\u00ed v\u00edt\u011bz\u016f prob\u011bhne slosov\u00e1n\u00ed tomboly o velice zaj\u00edmav\u00e9 ceny. Vstup na z\u00e1vody je voln\u00fd a bohat\u00e9 ob\u010derstven\u00ed zaji\u0161t\u011bno.<\/p>\n<p>V doprovodn\u00e9m programu si zaz\u00e1vod\u00ed nejmen\u0161\u00ed d\u011bti na odr\u00e1\u017eedlech, t\u00fdmov\u00ed mechanici se utkaj\u00ed v dovednostn\u00ed sout\u011b\u017ei a budou p\u0159edstaveni nej\u00fasp\u011b\u0161n\u011bj\u0161\u00ed z\u00e1vodn\u00edci nejen dr\u00e1hov\u00e9 cyklistiky.<\/p>\n<p>\u010cesk\u00e1 televize sport bude cel\u00fd ve\u010der zaznamen\u00e1vat do n\u00e1sledn\u00e9ho t\u0159icetiminutov\u00e9ho sest\u0159ihu. <strong>M\u00edtink pokra\u010duje v sobotu a v ned\u011bli mistrovstv\u00edm republiky handicapovan\u00fdch sportovc\u016f a v omniu ml\u00e1de\u017ee a \u017een.<\/strong><\/p>\n<p>V\u00edce informac\u00ed na:\u00a0<a href=\"http:\/\/www.duklacycling.cz\/\">http:\/\/www.duklacycling.cz\/<\/a><\/p>\n<p>Program ke sta\u017een\u00ed\u00a0<a href=\"http:\/\/duklajuniorcycling.cz\/novinky\/prilohy\/file_cc5ea1bb5e.pdf\">ZDE<\/a><\/p>\n<p><a href=\"http:\/\/www.caths.cz\/wordpress\/wp-content\/uploads\/2015\/12\/2549.jpg\"><img loading=\"lazy\" decoding=\"async\" class=\"alignnone size-full wp-image-22508\" src=\"http:\/\/www.caths.cz\/wordpress\/wp-content\/uploads\/2015\/12\/2549.jpg\" alt=\"2549\" width=\"851\" height=\"315\" srcset=\"https:\/\/www.caths.cz\/wordpress\/wp-content\/uploads\/2015\/12\/2549.jpg 851w, https:\/\/www.caths.cz\/wordpress\/wp-content\/uploads\/2015\/12\/2549-300x111.jpg 300w, https:\/\/www.caths.cz\/wordpress\/wp-content\/uploads\/2015\/12\/2549-120x44.jpg 120w\" sizes=\"auto, (max-width: 851px) 100vw, 851px\" \/><\/a><\/p>\n","protected":false},"excerpt":{"rendered":"<a href=\"https:\/\/www.caths.cz\/wordpress\/posledni-letosni-drahove-mistrovstvi-cr\/\"><img width=\"100\" height=\"100\" src=\"https:\/\/www.caths.cz\/wordpress\/wp-content\/uploads\/2015\/12\/2549-100x100.jpg\" class=\"alignleft tfe wp-post-image\" alt=\"\" decoding=\"async\" loading=\"lazy\" srcset=\"https:\/\/www.caths.cz\/wordpress\/wp-content\/uploads\/2015\/12\/2549-100x100.jpg 100w, https:\/\/www.caths.cz\/wordpress\/wp-content\/uploads\/2015\/12\/2549-150x150.jpg 150w\" sizes=\"auto, (max-width: 100px) 100vw, 100px\" \/><\/a><p>O posledn\u00ed mistrovsk\u00e9 medaile leto\u0161n\u00edho roku budou \u010de\u0161t\u00ed dr\u00e1ha\u0159i bojovat v p\u00e1tek 18. prosince a o den pozd\u011bji na motolsk\u00e9m velodromu v r\u00e1mci m\u00edtinku &#8222;Mistrovstv\u00ed Planety 2015&#8220;. Hlavn\u00ed ve\u010dern\u00ed program [&hellip;]<\/p>\n","protected":false},"author":1,"featured_media":22508,"comment_status":"closed","ping_status":"closed","sticky":false,"template":"","format":"standard","meta":{"ngg_post_thumbnail":0,"footnotes":""},"categories":[2],"tags":[],"class_list":["post-22507","post","type-post","status-publish","format-standard","has-post-thumbnail","hentry","category-cyklistika"],"_links":{"self":[{"href":"https:\/\/www.caths.cz\/wordpress\/wp-json\/wp\/v2\/posts\/22507","targetHints":{"allow":["GET"]}}],"collection":[{"href":"https:\/\/www.caths.cz\/wordpress\/wp-json\/wp\/v2\/posts"}],"about":[{"href":"https:\/\/www.caths.cz\/wordpress\/wp-json\/wp\/v2\/types\/post"}],"author":[{"embeddable":true,"href":"https:\/\/www.caths.cz\/wordpress\/wp-json\/wp\/v2\/users\/1"}],"replies":[{"embeddable":true,"href":"https:\/\/www.caths.cz\/wordpress\/wp-json\/wp\/v2\/comments?post=22507"}],"version-history":[{"count":2,"href":"https:\/\/www.caths.cz\/wordpress\/wp-json\/wp\/v2\/posts\/22507\/revisions"}],"predecessor-version":[{"id":22510,"href":"https:\/\/www.caths.cz\/wordpress\/wp-json\/wp\/v2\/posts\/22507\/revisions\/22510"}],"wp:featuredmedia":[{"embeddable":true,"href":"https:\/\/www.caths.cz\/wordpress\/wp-json\/wp\/v2\/media\/22508"}],"wp:attachment":[{"href":"https:\/\/www.caths.cz\/wordpress\/wp-json\/wp\/v2\/media?parent=22507"}],"wp:term":[{"taxonomy":"category","embeddable":true,"href":"https:\/\/www.caths.cz\/wordpress\/wp-json\/wp\/v2\/categories?post=22507"},{"taxonomy":"post_tag","embeddable":true,"href":"https:\/\/www.caths.cz\/wordpress\/wp-json\/wp\/v2\/tags?post=22507"}],"curies":[{"name":"wp","href":"https:\/\/api.w.org\/{rel}","templated":true}]}}