{"id":22505,"date":"2015-12-14T17:30:38","date_gmt":"2015-12-14T16:30:38","guid":{"rendered":"http:\/\/www.caths.cz\/wordpress\/?p=22505"},"modified":"2015-12-14T17:30:38","modified_gmt":"2015-12-14T16:30:38","slug":"terminy-prazskeho-mtb-poharu-2016","status":"publish","type":"post","link":"https:\/\/www.caths.cz\/wordpress\/terminy-prazskeho-mtb-poharu-2016\/","title":{"rendered":"Term\u00edny Pra\u017esk\u00e9ho MTB poh\u00e1ru 2016!"},"content":{"rendered":"<p>Gener\u00e1ln\u00ed po\u0159adatel Pra\u017esk\u00e9ho MTB poh\u00e1ru t\u00fdm SKC Praha Nutrend Specialized Racing zve\u0159ejnil term\u00edny a lokality poh\u00e1ru pro rok 2016.<\/p>\n<p>Seri\u00e1l z\u00e1vod\u016f horsk\u00fdch kol pro v\u0161echny v\u011bkov\u00e9 a v\u00fdkonnostn\u00ed kategorie jezdc\u016f, v\u010detn\u011b cyklist\u016f s\u00a0handicapem byl p\u016fvodn\u011b koncipov\u00e1n jako lok\u00e1ln\u00ed pra\u017esk\u00e1 sout\u011b\u017e. Pro svou popularitu a velkou n\u00e1v\u0161t\u011bvnost si v\u0161ak b\u011bhem sv\u00e9 t\u0159\u00edlet\u00e9 historie vybudoval celorepublikov\u00e9 postaven\u00ed. V\u00a0roce 2014 byl seri\u00e1l za\u0159azen\u00fd do projektu \u010cesk\u00e9 unie sportu \u2013 \u201eSportuj s\u00a0n\u00e1mi\u201c a bude tomu tak i v\u00a0roce 2016.<\/p>\n<p>Na po\u0159adatelstv\u00ed z\u00e1vod\u016f Pra\u017esk\u00e9ho MTB poh\u00e1ru se pod\u00edl\u00ed n\u011bkolik pra\u017esk\u00fdch klub\u016f, mimo ji\u017e zm\u00edn\u011bn\u00e9ho t\u00fdmu <strong>SKC Nutrend specialized Racing<\/strong>, kter\u00fd zast\u0159e\u0161uje cel\u00fd poh\u00e1r d\u00e1le <strong>CK Calabrone <\/strong>pro z\u00e1vod na Zli\u010d\u00edn\u011b, <strong>SK VELO Praha<\/strong> pro z\u00e1vod v Libu\u0161i, <strong>Sokol Kbely<\/strong> pro z\u00e1vody ve Kbel\u00edch a nov\u011b se k\u00a0t\u00e9to \u010dtve\u0159ici p\u0159id\u00e1v\u00e1 <strong>Sokol Velt\u011b\u017e<\/strong> se z\u00e1vodem v\u00a0Beckov\u011b.<\/p>\n<p>Patronem seri\u00e1lu je od jeho vzniku <strong>Ji\u0159\u00ed Je\u017eek<\/strong> &#8211; paralympijsk\u00fd v\u00edt\u011bz, mistr sv\u011bta a Evropy a v\u00edt\u011bz Sv\u011btov\u00e9ho poh\u00e1ru.<\/p>\n<p>V\u00a0roce 2016 bude m\u00edt Pra\u017esk\u00fd MTB poh\u00e1r celkem 5 z\u00e1vodn\u00edch podnik\u016f a novinku \u2013 slavnostn\u00ed ve\u010der s\u00a0vyhl\u00e1\u0161en\u00edm celkov\u00fdch v\u00edt\u011bz\u016f a koncertem.<\/p>\n<p><strong>Term\u00edny z\u00e1vod\u016f Pra\u017esk\u00e9ho MTB poh\u00e1ru 2016:<\/strong><\/p>\n<ol>\n<li><strong> sobota 26. b\u0159ezna\u00a0\u00a0\u00a0\u00a0\u00a0 ZLI\u010c\u00cdN<\/strong><\/li>\n<li><strong> ned\u011ble 15. kv\u011btna\u00a0\u00a0\u00a0\u00a0\u00a0\u00a0 KBELY<\/strong><\/li>\n<li><strong> ned\u011ble\u00a0\u00a0 5. \u010dervna\u00a0\u00a0\u00a0\u00a0\u00a0\u00a0 BECKOV<\/strong><\/li>\n<li><strong> ned\u011ble 18. z\u00e1\u0159\u00ed\u00a0\u00a0\u00a0\u00a0\u00a0\u00a0\u00a0\u00a0\u00a0\u00a0\u00a0\u00a0 LIBU\u0160 <\/strong><\/li>\n<li><strong> ned\u011ble 25. z\u00e1\u0159\u00ed\u00a0\u00a0\u00a0\u00a0\u00a0\u00a0\u00a0\u00a0\u00a0\u00a0\u00a0\u00a0 KBELY<\/strong><\/li>\n<li><strong> p\u00e1tek\u00a0\u00a0 11. listopadu\u00a0\u00a0 SOKOLOVNA KBELY \u2013 slavnostn\u00ed vyhl\u00e1\u0161en\u00ed v\u00fdsledk\u016f a koncert\u00a0<\/strong><\/li>\n<\/ol>\n<p>Pra\u017esk\u00fd MTB poh\u00e1r 2016 prov\u00e1z\u00ed cel\u00e1 \u0159ada zaj\u00edmav\u00fdch novinek. Postupn\u011b v\u00e1m je budeme p\u0159edstavovat, sledujte n\u00e1\u0161 web!<\/p>\n<p><a href=\"http:\/\/prahamtb.cz\/wp-content\/uploads\/2015\/12\/20151207_145834_resized_2.jpg\" rel=\"lightbox\"><img loading=\"lazy\" decoding=\"async\" class=\"alignnone size-medium wp-image-4147\" src=\"http:\/\/prahamtb.cz\/wp-content\/uploads\/2015\/12\/20151207_145834_resized_2-337x600.jpg\" alt=\"20151207_145834_resized_2\" width=\"337\" height=\"600\" \/><\/a><\/p>\n","protected":false},"excerpt":{"rendered":"<a href=\"https:\/\/www.caths.cz\/wordpress\/terminy-prazskeho-mtb-poharu-2016\/\"><img loading=\"lazy\" decoding=\"async\" width=\"100\" height=\"100\" src=\"https:\/\/www.caths.cz\/wordpress\/wp-content\/plugins\/thumbnail-for-excerpts\/tfe_no_thumb.png\" class=\"alignleft wp-post-image tfe\" alt=\"\" title=\"\" \/><\/a><p>Gener\u00e1ln\u00ed po\u0159adatel Pra\u017esk\u00e9ho MTB poh\u00e1ru t\u00fdm SKC Praha Nutrend Specialized Racing zve\u0159ejnil term\u00edny a lokality poh\u00e1ru pro rok 2016. Seri\u00e1l z\u00e1vod\u016f horsk\u00fdch kol pro v\u0161echny v\u011bkov\u00e9 a v\u00fdkonnostn\u00ed kategorie jezdc\u016f, [&hellip;]<\/p>\n","protected":false},"author":1,"featured_media":0,"comment_status":"closed","ping_status":"closed","sticky":false,"template":"","format":"standard","meta":{"ngg_post_thumbnail":0,"footnotes":""},"categories":[40],"tags":[],"class_list":["post-22505","post","type-post","status-publish","format-standard","hentry","category-pojed-s-nami"],"_links":{"self":[{"href":"https:\/\/www.caths.cz\/wordpress\/wp-json\/wp\/v2\/posts\/22505","targetHints":{"allow":["GET"]}}],"collection":[{"href":"https:\/\/www.caths.cz\/wordpress\/wp-json\/wp\/v2\/posts"}],"about":[{"href":"https:\/\/www.caths.cz\/wordpress\/wp-json\/wp\/v2\/types\/post"}],"author":[{"embeddable":true,"href":"https:\/\/www.caths.cz\/wordpress\/wp-json\/wp\/v2\/users\/1"}],"replies":[{"embeddable":true,"href":"https:\/\/www.caths.cz\/wordpress\/wp-json\/wp\/v2\/comments?post=22505"}],"version-history":[{"count":1,"href":"https:\/\/www.caths.cz\/wordpress\/wp-json\/wp\/v2\/posts\/22505\/revisions"}],"predecessor-version":[{"id":22506,"href":"https:\/\/www.caths.cz\/wordpress\/wp-json\/wp\/v2\/posts\/22505\/revisions\/22506"}],"wp:attachment":[{"href":"https:\/\/www.caths.cz\/wordpress\/wp-json\/wp\/v2\/media?parent=22505"}],"wp:term":[{"taxonomy":"category","embeddable":true,"href":"https:\/\/www.caths.cz\/wordpress\/wp-json\/wp\/v2\/categories?post=22505"},{"taxonomy":"post_tag","embeddable":true,"href":"https:\/\/www.caths.cz\/wordpress\/wp-json\/wp\/v2\/tags?post=22505"}],"curies":[{"name":"wp","href":"https:\/\/api.w.org\/{rel}","templated":true}]}}