{"id":22500,"date":"2015-12-11T17:27:27","date_gmt":"2015-12-11T16:27:27","guid":{"rendered":"http:\/\/www.caths.cz\/wordpress\/?p=22500"},"modified":"2015-12-11T17:27:27","modified_gmt":"2015-12-11T16:27:27","slug":"lata-brandisova-a-paradrezura","status":"publish","type":"post","link":"https:\/\/www.caths.cz\/wordpress\/lata-brandisova-a-paradrezura\/","title":{"rendered":"Lata Brandisov\u00e1 a paradrezura"},"content":{"rendered":"<p>Pro ty, kte\u0159\u00ed nev\u011bd\u00ed, kdo byla Lata Brandisov\u00e1 (1895 \u2013 1981) uv\u00e1d\u00edm, \u017ee to byla jedin\u00e1 \u017eena, kter\u00e1 kdy dok\u00e1zala zv\u00edt\u011bzit ve Velk\u00e9 pardubick\u00e9. Stalo se to roku 1937, kdy s\u00a0klisnou kinsk\u00e9ho chovu \u201eNormou\u201c\u00a0 vyhr\u00e1la 56. ro\u010dn\u00edk Velk\u00e9 pardubick\u00e9. Do z\u00e1vodu ji p\u0159ihl\u00e1sil jej\u00ed bratranec Zdenko Radslav Kinsk\u00fd, kter\u00fd byl chovatelem a majitelem klisny Normy.<\/p>\n<p>A rodina Kinsk\u00fdch nezapomn\u011bla. Po t\u00e9to slavn\u00e9 a p\u0159itom nedocen\u011bn\u00e9 jezdkyni, kter\u00e1 by byla teti\u010dkou dne\u0161n\u00ed Eleonory Kinsk\u00e9 dal Borgo, pojmenovala rodina Kinsk\u00fdch dal Borgo p\u0159ed sedmi lety svou nov\u011b narozenou klisni\u010dku \u010desk\u00e9ho p\u016fvodu. A tak p\u0159i\u0161la na sv\u011bt hn\u011bdka \u201eLata Brandys\u201c.<\/p>\n<p>P\u0159esto\u017ee rodina Kinsk\u00fdch \u017eije od roku 1948 v\u00a0It\u00e1lii, na \u010desk\u00e9 ko\u0159eny nezanev\u0159ela. V\u00a0italsk\u00e9m Arezze, kde se na\u0161\u00ed representance v\u00a0paradrezu\u0159e Anastasje Vi\u0161talov\u00e9 poda\u0159ilo z\u00edskat t\u0159et\u00ed m\u00edsto na mezin\u00e1rodn\u00edch paradrezurn\u00edch z\u00e1vodech n\u00e1s kontaktovala Eleonora Kinsk\u00e1 a tlumo\u010dila n\u00e1m p\u0159\u00e1n\u00ed sv\u00e9 a sv\u00e9ho otce Giovanni Kinsk\u00e9ho dal Borgo, aby pr\u00e1v\u011b tato \u010desk\u00e1 klisni\u010dka \u201eLata Brandys\u201c representovala \u010ceskou republiku na paradrezurn\u00edch z\u00e1vodech s\u00a0\u010deskou paradrezurn\u00ed jezdkyn\u00ed. A tak zapo\u010dala spolupr\u00e1ce jezdeck\u00e9ho klubu Ronex jeho\u017e \u00a0je Anastasja \u010dlenkou a jej\u00ed\u017e \u010dlenkou se stala i Eleonora Kinsk\u00e1. Ta si v\u00a0lo\u0148sk\u00e9m roce za\u0159\u00eddila \u010desk\u00e9 ob\u010danstv\u00ed, \u010d\u00edm\u017e splnila posledn\u00ed p\u0159\u00e1n\u00ed sv\u00e9ho d\u011bde\u010dka, hrab\u011bte Norberta Kinsk\u00e9ho, kter\u00fd musel v\u00a0roce 1948 opustit \u010ceskou republiku a natrvalo se usadil v It\u00e1lii.<\/p>\n<p>Klisna \u201eLata Brandys\u201c m\u00e1 svou domovskou st\u00e1j v\u00a0italsk\u00e9 Pise, ve st\u00e1ji Eleonori Kinsk\u00e9, kter\u00e1 na n\u00ed i sama z\u00e1vod\u00ed. Anastaja na n\u00ed startovala poprv\u00e9 tento v\u00edkend na Mistrovstv\u00ed It\u00e1lie v\u00a0paradrezu\u0159e. Po\u017e\u00e1dali jsme o mo\u017enost povolen\u00ed tohoto startu, abychom prov\u011b\u0159ili jak Nasta bude \u201eLatu\u201c zvl\u00e1dat p\u0159i minim\u00e1ln\u00ed mo\u017enosti tr\u00e9ninku (sed\u011bla na n\u00ed teprve po p\u00e1t\u00e9). A vyplatilo se. \u201eLata\u201c je na\u0161t\u011bst\u00ed v\u00a0klasick\u00e9m drezurn\u00edm tr\u00e9ninku\u00a0 a tak se pob\u00eddky p\u0159\u00edli\u0161 neli\u0161\u00ed od toho jak tr\u00e9nujeme Nastinu dom\u00e1c\u00ed klisnu \u201eDominique\u201c. Dvojice p\u0159edvedla velice p\u011bknou a suver\u00e9n\u00ed j\u00edzdu, kterou si vyslou\u017eila v\u00a0Team Testu 73.3% a v\u00a0Individual testu dokonce 75% co\u017e ji neoficieln\u011b za\u0159adilo na druh\u00e9 m\u00edsto. Porazit je dok\u00e1zala pouze Sara Morganti, kter\u00e1 je v\u00a0sou\u010dasnosti na druh\u00e9m m\u00edst\u011b ve sv\u011btov\u00e9m paradrezurn\u00edm \u00a0\u017eeb\u0159\u00ed\u010dku. Na z\u00e1klad\u011b t\u011bchto v\u00fdsledk\u016f bylo dohodnuto, \u017ee Nasta bude na posledn\u00edch kvalifika\u010dn\u00edch z\u00e1vodech na paralympi\u00e1du v\u00a0Riu, kter\u00e9 se konaj\u00ed v\u00a0lednu v Holandsku startovat na obou klisn\u00e1ch tj. sv\u00e9 \u201eDominique\u201c a kinsk\u00e9 \u201eLat\u011b Brandys\u201c. To j\u00ed d\u00e1 \u0161anci z\u00edskat hned \u010dty\u0159i dobr\u00e9 v\u00fdsledky a posunout se tak ve sv\u011btov\u00e9m \u017eeb\u0159\u00ed\u010dku o kousek v\u00fd\u0161 a t\u00edm tak\u00e9 bl\u00ed\u017ee k\u00a0letence do Ria.<\/p>\n<p>Velk\u00fd d\u00edk pat\u0159\u00ed rodin\u011b Kinsk\u00fdch dal Borgo za bezplatn\u00e9 zap\u016fj\u010den\u00ed \u201eLaty\u201c v\u010detn\u011b dopravy na mezin\u00e1rodn\u00ed z\u00e1vody, Eleono\u0159e Kinsk\u00e9 a jej\u00edmu p\u0159\u00edteli Nicola Neri Casarosa za drezurn\u00ed p\u0159\u00edpravu \u201eLaty\u201c\u00a0 v\u00a0It\u00e1lii i jej\u00ed doprovod na z\u00e1vody.<\/p>\n<p><a href=\"http:\/\/www.caths.cz\/wordpress\/wp-content\/uploads\/2015\/12\/Sken-Lata-2.jpeg\"><img loading=\"lazy\" decoding=\"async\" class=\"alignnone size-full wp-image-22502\" src=\"http:\/\/www.caths.cz\/wordpress\/wp-content\/uploads\/2015\/12\/Sken-Lata-2.jpeg\" alt=\"Sken Lata 2\" width=\"801\" height=\"589\" srcset=\"https:\/\/www.caths.cz\/wordpress\/wp-content\/uploads\/2015\/12\/Sken-Lata-2.jpeg 801w, https:\/\/www.caths.cz\/wordpress\/wp-content\/uploads\/2015\/12\/Sken-Lata-2-300x221.jpeg 300w, https:\/\/www.caths.cz\/wordpress\/wp-content\/uploads\/2015\/12\/Sken-Lata-2-120x88.jpeg 120w\" sizes=\"auto, (max-width: 801px) 100vw, 801px\" \/><\/a><\/p>\n<p><a href=\"http:\/\/www.caths.cz\/wordpress\/wp-content\/uploads\/2015\/12\/Sken-Lata-1-1.jpeg\"><img loading=\"lazy\" decoding=\"async\" class=\"alignnone size-full wp-image-22501\" src=\"http:\/\/www.caths.cz\/wordpress\/wp-content\/uploads\/2015\/12\/Sken-Lata-1-1.jpeg\" alt=\"Sken Lata 1 1\" width=\"568\" height=\"770\" srcset=\"https:\/\/www.caths.cz\/wordpress\/wp-content\/uploads\/2015\/12\/Sken-Lata-1-1.jpeg 568w, https:\/\/www.caths.cz\/wordpress\/wp-content\/uploads\/2015\/12\/Sken-Lata-1-1-221x300.jpeg 221w, https:\/\/www.caths.cz\/wordpress\/wp-content\/uploads\/2015\/12\/Sken-Lata-1-1-89x120.jpeg 89w\" sizes=\"auto, (max-width: 568px) 100vw, 568px\" \/><\/a><\/p>\n<p><a href=\"http:\/\/www.caths.cz\/wordpress\/wp-content\/uploads\/2015\/12\/Sken-Lata.jpeg\"><img loading=\"lazy\" decoding=\"async\" class=\"alignnone size-full wp-image-22503\" src=\"http:\/\/www.caths.cz\/wordpress\/wp-content\/uploads\/2015\/12\/Sken-Lata.jpeg\" alt=\"Sken Lata\" width=\"807\" height=\"604\" srcset=\"https:\/\/www.caths.cz\/wordpress\/wp-content\/uploads\/2015\/12\/Sken-Lata.jpeg 807w, https:\/\/www.caths.cz\/wordpress\/wp-content\/uploads\/2015\/12\/Sken-Lata-300x225.jpeg 300w, https:\/\/www.caths.cz\/wordpress\/wp-content\/uploads\/2015\/12\/Sken-Lata-120x90.jpeg 120w\" sizes=\"auto, (max-width: 807px) 100vw, 807px\" \/><\/a><\/p>\n","protected":false},"excerpt":{"rendered":"<a href=\"https:\/\/www.caths.cz\/wordpress\/lata-brandisova-a-paradrezura\/\"><img width=\"100\" height=\"100\" src=\"https:\/\/www.caths.cz\/wordpress\/wp-content\/uploads\/2015\/12\/Sken-Lata-1-1-100x100.jpeg\" class=\"alignleft tfe wp-post-image\" alt=\"\" decoding=\"async\" loading=\"lazy\" srcset=\"https:\/\/www.caths.cz\/wordpress\/wp-content\/uploads\/2015\/12\/Sken-Lata-1-1-100x100.jpeg 100w, https:\/\/www.caths.cz\/wordpress\/wp-content\/uploads\/2015\/12\/Sken-Lata-1-1-150x150.jpeg 150w\" sizes=\"auto, (max-width: 100px) 100vw, 100px\" \/><\/a><p>Pro ty, kte\u0159\u00ed nev\u011bd\u00ed, kdo byla Lata Brandisov\u00e1 (1895 \u2013 1981) uv\u00e1d\u00edm, \u017ee to byla jedin\u00e1 \u017eena, kter\u00e1 kdy dok\u00e1zala zv\u00edt\u011bzit ve Velk\u00e9 pardubick\u00e9. Stalo se to roku 1937, kdy [&hellip;]<\/p>\n","protected":false},"author":1,"featured_media":22501,"comment_status":"closed","ping_status":"closed","sticky":false,"template":"","format":"standard","meta":{"ngg_post_thumbnail":0,"footnotes":""},"categories":[12],"tags":[],"class_list":["post-22500","post","type-post","status-publish","format-standard","has-post-thumbnail","hentry","category-jezdectvi"],"_links":{"self":[{"href":"https:\/\/www.caths.cz\/wordpress\/wp-json\/wp\/v2\/posts\/22500","targetHints":{"allow":["GET"]}}],"collection":[{"href":"https:\/\/www.caths.cz\/wordpress\/wp-json\/wp\/v2\/posts"}],"about":[{"href":"https:\/\/www.caths.cz\/wordpress\/wp-json\/wp\/v2\/types\/post"}],"author":[{"embeddable":true,"href":"https:\/\/www.caths.cz\/wordpress\/wp-json\/wp\/v2\/users\/1"}],"replies":[{"embeddable":true,"href":"https:\/\/www.caths.cz\/wordpress\/wp-json\/wp\/v2\/comments?post=22500"}],"version-history":[{"count":1,"href":"https:\/\/www.caths.cz\/wordpress\/wp-json\/wp\/v2\/posts\/22500\/revisions"}],"predecessor-version":[{"id":22504,"href":"https:\/\/www.caths.cz\/wordpress\/wp-json\/wp\/v2\/posts\/22500\/revisions\/22504"}],"wp:featuredmedia":[{"embeddable":true,"href":"https:\/\/www.caths.cz\/wordpress\/wp-json\/wp\/v2\/media\/22501"}],"wp:attachment":[{"href":"https:\/\/www.caths.cz\/wordpress\/wp-json\/wp\/v2\/media?parent=22500"}],"wp:term":[{"taxonomy":"category","embeddable":true,"href":"https:\/\/www.caths.cz\/wordpress\/wp-json\/wp\/v2\/categories?post=22500"},{"taxonomy":"post_tag","embeddable":true,"href":"https:\/\/www.caths.cz\/wordpress\/wp-json\/wp\/v2\/tags?post=22500"}],"curies":[{"name":"wp","href":"https:\/\/api.w.org\/{rel}","templated":true}]}}