{"id":22492,"date":"2015-12-06T18:44:58","date_gmt":"2015-12-06T17:44:58","guid":{"rendered":"http:\/\/www.caths.cz\/wordpress\/?p=22492"},"modified":"2015-12-06T18:44:58","modified_gmt":"2015-12-06T17:44:58","slug":"jiri-jezek-se-pripravuje-s-tymem-na-mallorce","status":"publish","type":"post","link":"https:\/\/www.caths.cz\/wordpress\/jiri-jezek-se-pripravuje-s-tymem-na-mallorce\/","title":{"rendered":"Ji\u0159\u00ed Je\u017eek se p\u0159ipravuje s t\u00fdmem na Mallorce"},"content":{"rendered":"<p>Po\u010detn\u00e1 v\u00fdprava na\u0161ich p\u0159edn\u00edch cyklist\u016f odcestovala k\u00a0\u00favodn\u00edmu zimn\u00edmu tr\u00e9ninkov\u00e9mu campu na Mallorcu.<\/p>\n<p>Jezdce tr\u00e9ninkov\u00e9 skupiny Viktora Zapletala, olympijsk\u00e9ho v\u00edt\u011bze Jaroslava Kulhav\u00e9ho a paralympijsk\u00e9ho v\u00edt\u011bze Ji\u0159\u00edho Je\u017eka dopl\u0148uj\u00ed dal\u0161\u00ed reprezentanti, Jan \u0160karnitzl, Matou\u0161 Ulman a tak\u00e9 mlad\u00ed talentovan\u00ed z\u00e1vodn\u00edci, Barbora Pr\u016fdkov\u00e1, Ad\u00e9lka \u0160af\u00e1\u0159ov\u00e1, Jan Vastl a Mat\u011bj Pr\u016fdek.<\/p>\n<p><em>\u201eU\u017e n\u011bkolik let po\u0159\u00e1d\u00e1me tr\u00e9ninkov\u00e9 campy m\u00e9 skupiny tak, aby se jich mohli \u00fa\u010dastnit na\u0161i nej\u00fasp\u011b\u0161n\u011bj\u0161\u00ed jezdci spole\u010dn\u011b s mlad\u00fdmi, talentovan\u00fdmi z\u00e1vodn\u00edky. Zku\u0161enosti, kter\u00e9 od sv\u011btov\u00fdch cyklistick\u00fdch osobnost\u00ed typu J\u00e1ry \u010di Jirky Je\u017eka dost\u00e1vaj\u00ed jsou nedoceniteln\u00e9\u201c<\/em> p\u0159ibli\u017euje dlouhodobou tr\u00e9ninkovou ideu tren\u00e9r Viktor Zapletal a dod\u00e1v\u00e1, <em>\u201ed\u00edky pra\u017esk\u00e9 Dukle maj\u00ed jezdci na Mallorce zaji\u0161ten\u00e9 odpov\u00eddaj\u00edc\u00ed pohodl\u00ed, v\u010detn\u011b regenerace. P\u0159edpokl\u00e1d\u00e1m, \u017ee skupina absolvuje b\u011bhem 13 denn\u00edho soust\u0159ed\u011bn\u00ed t\u0159i tr\u00e9ninkov\u00e9 bloky zam\u011b\u0159en\u00e9 p\u0159edev\u0161\u00edm na rozvoj obecn\u00e9 vytrvalosti. T\u00fdm je v\u00a0po\u0159\u00e1dku, J\u00e1ra absolvoval p\u0159ed odjezdem z\u00e1t\u011b\u017eov\u00e9 testy s doktorem Bolkem a vypad\u00e1 velmi dob\u0159e, s\u00a0nachlazen\u00edm trochu bojoval Jirka Je\u017eek, ale u\u017e by m\u011bl b\u00fdt tak\u00e9 v\u00a0po\u0159\u00e1dku a absolvovat zam\u00fd\u0161len\u00fd tr\u00e9ninkov\u00fd cyklus bez omezen\u00ed\u201c.<\/em><\/p>\n<p>Dal\u0161\u00ed tr\u00e9ninkov\u00fd camp m\u00e1 skupina napl\u00e1novan\u00fd v\u00a0lednov\u00e9m term\u00ednu.<\/p>\n<p><a href=\"http:\/\/www.caths.cz\/wordpress\/wp-content\/uploads\/2015\/12\/10003958_10152117789312219_8814234185585181746_n.jpg\"><img loading=\"lazy\" decoding=\"async\" class=\"alignnone size-full wp-image-22493\" src=\"http:\/\/www.caths.cz\/wordpress\/wp-content\/uploads\/2015\/12\/10003958_10152117789312219_8814234185585181746_n.jpg\" alt=\"10003958_10152117789312219_8814234185585181746_n\" width=\"960\" height=\"717\" srcset=\"https:\/\/www.caths.cz\/wordpress\/wp-content\/uploads\/2015\/12\/10003958_10152117789312219_8814234185585181746_n.jpg 960w, https:\/\/www.caths.cz\/wordpress\/wp-content\/uploads\/2015\/12\/10003958_10152117789312219_8814234185585181746_n-300x224.jpg 300w, https:\/\/www.caths.cz\/wordpress\/wp-content\/uploads\/2015\/12\/10003958_10152117789312219_8814234185585181746_n-120x90.jpg 120w\" sizes=\"auto, (max-width: 960px) 100vw, 960px\" \/><\/a><\/p>\n","protected":false},"excerpt":{"rendered":"<a href=\"https:\/\/www.caths.cz\/wordpress\/jiri-jezek-se-pripravuje-s-tymem-na-mallorce\/\"><img width=\"100\" height=\"100\" src=\"https:\/\/www.caths.cz\/wordpress\/wp-content\/uploads\/2015\/12\/10003958_10152117789312219_8814234185585181746_n-100x100.jpg\" class=\"alignleft tfe wp-post-image\" alt=\"\" decoding=\"async\" loading=\"lazy\" srcset=\"https:\/\/www.caths.cz\/wordpress\/wp-content\/uploads\/2015\/12\/10003958_10152117789312219_8814234185585181746_n-100x100.jpg 100w, https:\/\/www.caths.cz\/wordpress\/wp-content\/uploads\/2015\/12\/10003958_10152117789312219_8814234185585181746_n-150x150.jpg 150w\" sizes=\"auto, (max-width: 100px) 100vw, 100px\" \/><\/a><p>Po\u010detn\u00e1 v\u00fdprava na\u0161ich p\u0159edn\u00edch cyklist\u016f odcestovala k\u00a0\u00favodn\u00edmu zimn\u00edmu tr\u00e9ninkov\u00e9mu campu na Mallorcu. Jezdce tr\u00e9ninkov\u00e9 skupiny Viktora Zapletala, olympijsk\u00e9ho v\u00edt\u011bze Jaroslava Kulhav\u00e9ho a paralympijsk\u00e9ho v\u00edt\u011bze Ji\u0159\u00edho Je\u017eka dopl\u0148uj\u00ed dal\u0161\u00ed reprezentanti, Jan [&hellip;]<\/p>\n","protected":false},"author":1,"featured_media":22493,"comment_status":"closed","ping_status":"closed","sticky":false,"template":"","format":"standard","meta":{"ngg_post_thumbnail":0,"footnotes":""},"categories":[2],"tags":[],"class_list":["post-22492","post","type-post","status-publish","format-standard","has-post-thumbnail","hentry","category-cyklistika"],"_links":{"self":[{"href":"https:\/\/www.caths.cz\/wordpress\/wp-json\/wp\/v2\/posts\/22492","targetHints":{"allow":["GET"]}}],"collection":[{"href":"https:\/\/www.caths.cz\/wordpress\/wp-json\/wp\/v2\/posts"}],"about":[{"href":"https:\/\/www.caths.cz\/wordpress\/wp-json\/wp\/v2\/types\/post"}],"author":[{"embeddable":true,"href":"https:\/\/www.caths.cz\/wordpress\/wp-json\/wp\/v2\/users\/1"}],"replies":[{"embeddable":true,"href":"https:\/\/www.caths.cz\/wordpress\/wp-json\/wp\/v2\/comments?post=22492"}],"version-history":[{"count":1,"href":"https:\/\/www.caths.cz\/wordpress\/wp-json\/wp\/v2\/posts\/22492\/revisions"}],"predecessor-version":[{"id":22494,"href":"https:\/\/www.caths.cz\/wordpress\/wp-json\/wp\/v2\/posts\/22492\/revisions\/22494"}],"wp:featuredmedia":[{"embeddable":true,"href":"https:\/\/www.caths.cz\/wordpress\/wp-json\/wp\/v2\/media\/22493"}],"wp:attachment":[{"href":"https:\/\/www.caths.cz\/wordpress\/wp-json\/wp\/v2\/media?parent=22492"}],"wp:term":[{"taxonomy":"category","embeddable":true,"href":"https:\/\/www.caths.cz\/wordpress\/wp-json\/wp\/v2\/categories?post=22492"},{"taxonomy":"post_tag","embeddable":true,"href":"https:\/\/www.caths.cz\/wordpress\/wp-json\/wp\/v2\/tags?post=22492"}],"curies":[{"name":"wp","href":"https:\/\/api.w.org\/{rel}","templated":true}]}}