{"id":22487,"date":"2015-12-05T13:07:16","date_gmt":"2015-12-05T12:07:16","guid":{"rendered":"http:\/\/www.caths.cz\/wordpress\/?p=22487"},"modified":"2015-12-05T13:07:16","modified_gmt":"2015-12-05T12:07:16","slug":"dan-bina-vyjel-kvotu-na-rio","status":"publish","type":"post","link":"https:\/\/www.caths.cz\/wordpress\/dan-bina-vyjel-kvotu-na-rio\/","title":{"rendered":"Dan B\u00edna &#8222;vyjel&#8220; kv\u00f3tu na Rio !!"},"content":{"rendered":"<p>Uplynul\u00fd t\u00fdden bojovali sv\u011btov\u00ed handicapovan\u00ed jachta\u0159i v australsk\u00e9m Melbourne na mistrovstv\u00ed sv\u011bta o posledn\u00ed m\u00edsta na letn\u00ed paralympijsk\u00e9 hry Rio 2016. \u010cesk\u00e9 barvy reprezentovali dva jachta\u0159i Daniel B\u00edna a Alex Sad\u00edlek.<\/p>\n<p>K na\u0161\u00ed velk\u00e9 radosti se poda\u0159ilo Danu B\u00ednovi vybojovat jedno ze sedmi kvalifika\u010dn\u00edch m\u00edst na paralympi\u00e1du a \u010cesk\u00e1 republika bude m\u00edt v Riu sv\u00e9 zastoupen\u00ed.<\/p>\n<p>N\u00ed\u017ee naleznete zpr\u00e1vu z mistrovstv\u00ed sv\u011bta, kterou poslal p\u0159\u00edmo z Melboure Dan B\u00edna.<\/p>\n<p>Zpr\u00e1vu si m\u016f\u017eete p\u0159e\u010d\u00edst zde\u00a0<a href=\"http:\/\/www.caths.cz\/wordpress\/wp-content\/uploads\/2015\/12\/MS-Melbourne-jachting.pdf\">MS Melbourne jachting<\/a><\/p>\n<p><a href=\"http:\/\/www.caths.cz\/wordpress\/wp-content\/uploads\/2015\/12\/Melboure_Dan-B\u00edna.jpg\"><img loading=\"lazy\" decoding=\"async\" class=\"alignnone size-full wp-image-22490\" src=\"http:\/\/www.caths.cz\/wordpress\/wp-content\/uploads\/2015\/12\/Melboure_Dan-B\u00edna.jpg\" alt=\"Melboure_Dan B\u00edna\" width=\"602\" height=\"400\" srcset=\"https:\/\/www.caths.cz\/wordpress\/wp-content\/uploads\/2015\/12\/Melboure_Dan-B\u00edna.jpg 602w, https:\/\/www.caths.cz\/wordpress\/wp-content\/uploads\/2015\/12\/Melboure_Dan-B\u00edna-300x199.jpg 300w, https:\/\/www.caths.cz\/wordpress\/wp-content\/uploads\/2015\/12\/Melboure_Dan-B\u00edna-120x80.jpg 120w\" sizes=\"auto, (max-width: 602px) 100vw, 602px\" \/><\/a><\/p>\n<p>&nbsp;<\/p>\n<p>&nbsp;<\/p>\n","protected":false},"excerpt":{"rendered":"<a href=\"https:\/\/www.caths.cz\/wordpress\/dan-bina-vyjel-kvotu-na-rio\/\"><img width=\"100\" height=\"100\" src=\"https:\/\/www.caths.cz\/wordpress\/wp-content\/uploads\/2015\/12\/Melboure_Dan-B\u00edna-100x100.jpg\" class=\"alignleft tfe wp-post-image\" alt=\"\" decoding=\"async\" loading=\"lazy\" srcset=\"https:\/\/www.caths.cz\/wordpress\/wp-content\/uploads\/2015\/12\/Melboure_Dan-B\u00edna-100x100.jpg 100w, https:\/\/www.caths.cz\/wordpress\/wp-content\/uploads\/2015\/12\/Melboure_Dan-B\u00edna-150x150.jpg 150w\" sizes=\"auto, (max-width: 100px) 100vw, 100px\" \/><\/a><p>Uplynul\u00fd t\u00fdden bojovali sv\u011btov\u00ed handicapovan\u00ed jachta\u0159i v australsk\u00e9m Melbourne na mistrovstv\u00ed sv\u011bta o posledn\u00ed m\u00edsta na letn\u00ed paralympijsk\u00e9 hry Rio 2016. \u010cesk\u00e9 barvy reprezentovali dva jachta\u0159i Daniel B\u00edna a Alex [&hellip;]<\/p>\n","protected":false},"author":1,"featured_media":22490,"comment_status":"closed","ping_status":"closed","sticky":false,"template":"","format":"standard","meta":{"ngg_post_thumbnail":0,"footnotes":""},"categories":[11],"tags":[],"class_list":["post-22487","post","type-post","status-publish","format-standard","has-post-thumbnail","hentry","category-jachting"],"_links":{"self":[{"href":"https:\/\/www.caths.cz\/wordpress\/wp-json\/wp\/v2\/posts\/22487","targetHints":{"allow":["GET"]}}],"collection":[{"href":"https:\/\/www.caths.cz\/wordpress\/wp-json\/wp\/v2\/posts"}],"about":[{"href":"https:\/\/www.caths.cz\/wordpress\/wp-json\/wp\/v2\/types\/post"}],"author":[{"embeddable":true,"href":"https:\/\/www.caths.cz\/wordpress\/wp-json\/wp\/v2\/users\/1"}],"replies":[{"embeddable":true,"href":"https:\/\/www.caths.cz\/wordpress\/wp-json\/wp\/v2\/comments?post=22487"}],"version-history":[{"count":1,"href":"https:\/\/www.caths.cz\/wordpress\/wp-json\/wp\/v2\/posts\/22487\/revisions"}],"predecessor-version":[{"id":22491,"href":"https:\/\/www.caths.cz\/wordpress\/wp-json\/wp\/v2\/posts\/22487\/revisions\/22491"}],"wp:featuredmedia":[{"embeddable":true,"href":"https:\/\/www.caths.cz\/wordpress\/wp-json\/wp\/v2\/media\/22490"}],"wp:attachment":[{"href":"https:\/\/www.caths.cz\/wordpress\/wp-json\/wp\/v2\/media?parent=22487"}],"wp:term":[{"taxonomy":"category","embeddable":true,"href":"https:\/\/www.caths.cz\/wordpress\/wp-json\/wp\/v2\/categories?post=22487"},{"taxonomy":"post_tag","embeddable":true,"href":"https:\/\/www.caths.cz\/wordpress\/wp-json\/wp\/v2\/tags?post=22487"}],"curies":[{"name":"wp","href":"https:\/\/api.w.org\/{rel}","templated":true}]}}