{"id":22484,"date":"2015-12-03T11:53:53","date_gmt":"2015-12-03T10:53:53","guid":{"rendered":"http:\/\/www.caths.cz\/wordpress\/?p=22484"},"modified":"2015-12-03T11:53:53","modified_gmt":"2015-12-03T10:53:53","slug":"paradrezura-vstupuje-do-caths","status":"publish","type":"post","link":"https:\/\/www.caths.cz\/wordpress\/paradrezura-vstupuje-do-caths\/","title":{"rendered":"Paradrezura vstupuje do \u010cATHS"},"content":{"rendered":"<p>Paradrezura je odno\u017e klasick\u00e9 drezury, kter\u00e1 je pouze upraven\u00e1 pro pot\u0159eby lid\u00ed s\u00a0handicapem. Jezdec m\u00e1 za \u00fakol v\u00a0drezurn\u00edm obd\u00e9ln\u00edk\u016f, jeho\u017e rozm\u011bry jsou 20&#215;40, \u010di 20&#215;60 metr\u016f (dle stupn\u011b posti\u017een\u00ed), p\u0159edv\u00e9st p\u0159edepsanou \u00falohu, kter\u00e1 je slo\u017een\u00e1 z\u00a0n\u011bkolika cvik\u016f. Jednotliv\u00e9 cviky hodnot\u00ed rozhod\u010d\u00ed zn\u00e1mkou od 0-10. V\u00fdsledek je d\u00e1n sou\u010dtem v\u0161ech zn\u00e1mek a uv\u00e1d\u00ed se obvykle v\u00a0procentech.<\/p>\n<p>Parajezdectv\u00ed jako takov\u00e9 se v\u00a0roce 2006 stalo plnohodnotnou discipl\u00ednou FEI (Mezin\u00e1rodn\u00ed jezdeck\u00e9 federace), v\u00a0\u010cesk\u00e9 republice byla paradrezura jako plnohodnotn\u00e1 uzn\u00e1na a\u017e v\u00a0roce 2008. V\u00a0sou\u010dasn\u00e9 dob\u011b se v\u0161ak jak u \u201en\u00e1s doma\u201c tak i ve sv\u011bt\u011b kon\u00e1 nespo\u010det n\u00e1rodn\u00edch a mezin\u00e1rodn\u00ed sout\u011b\u017e\u00ed v\u00a0t\u00e9to discipl\u00edn\u011b, v\u010detn\u011b Mistrovstv\u00ed republiky, \u010di Evropy. Dokonce se jedn\u00e1 o jedinou jezdeckou paralympijskou discipl\u00ednu. Za\u010d\u00e1tkem roku 2010 byla rovn\u011b\u017e p\u0159id\u00e1na do programu Sv\u011btov\u00fdch jezdeck\u00fdch her.<\/p>\n<p>Z\u00e1jemci, kte\u0159\u00ed se cht\u011bj\u00ed tomuto sportu v\u011bnovat, mus\u00ed b\u00fdt odborn\u00fdmi klasifik\u00e1tory za\u0159azeni do jedn\u00e9 z\u00a0p\u011bti sout\u011b\u017en\u00edch skupin (greadu), dle stupn\u011b sv\u00e9ho posti\u017een\u00ed. P\u0159i\u010dem\u017e ka\u017ed\u00fd jezdec p\u0159i za\u0159azen\u00ed do skupiny rovn\u011b\u017e obdr\u017e\u00ed seznam kompenza\u010dn\u00edch pom\u016fcek, jen\u017e sm\u00ed b\u011bhem je\u017ed\u011bn\u00ed vyu\u017e\u00edvat, mezi ty nej\u010dast\u011bj\u0161\u00ed pat\u0159\u00ed nap\u0159\u00edklad pozdrav pouze k\u00fdvnut\u00edm hlavy, poutka na ot\u011b\u017e\u00edch, pop\u0159\u00edpad\u011b u sedla, \u010di mo\u017enost pou\u017eit\u00ed dvou bi\u010d\u016f.<\/p>\n<p>\u010cesk\u00e1 republika \u010d\u00edt\u00e1 k\u00a0dne\u0161n\u00edmu dni celkem osm aktivn\u00edch handicapovan\u00fdch jezdc\u016f, p\u0159i\u010dem\u017e t\u0159i z\u00a0nich (Anastasja Vi\u0161talov\u00e1, Luk\u00e1\u0161 Hn\u00e1t a Kate\u0159ina Lesov\u00e1) dostali na z\u00e1klad\u011b sv\u00e9 v\u00fdkonosti mo\u017enost reprezentovat \u010ceskou republiku i na mezin\u00e1rodn\u00edch z\u00e1vodech. \u00a0Z\u00a0nich, ve sv\u011btov\u00e9m \u017eeb\u0159\u00ed\u010dku nejv\u00fd\u0161e um\u00edst\u011bn\u00e1 jezdkyn\u011b Anastasja Vi\u0161talov\u00e1. V\u00a0lo\u0148sk\u00e9m roce se z\u00fa\u010dastnila Sv\u011btov\u00fdch jezdeck\u00fdch her v\u00a0Normandii a v\u00a0leto\u0161n\u00edm roce \u00fasp\u011b\u0161n\u011b reprezentovala \u010cR na Mistrovstv\u00ed Evropy ve Francii. Na z\u00e1klad\u011b t\u011bchto v\u00fdsledk\u016f \u00a0usiluje o mo\u017enost h\u00e1jit \u010desk\u00e9 barvy na paralympijsk\u00fdch hr\u00e1ch v\u00a0brazilsk\u00e9m Riu de Janeiru.<\/p>\n<p><a href=\"http:\/\/www.caths.cz\/wordpress\/wp-content\/uploads\/2015\/12\/ME-t\u00fdm.jpg\"><img loading=\"lazy\" decoding=\"async\" class=\"alignnone size-full wp-image-22485\" src=\"http:\/\/www.caths.cz\/wordpress\/wp-content\/uploads\/2015\/12\/ME-t\u00fdm.jpg\" alt=\"ME t\u00fdm\" width=\"1000\" height=\"662\" srcset=\"https:\/\/www.caths.cz\/wordpress\/wp-content\/uploads\/2015\/12\/ME-t\u00fdm.jpg 1000w, https:\/\/www.caths.cz\/wordpress\/wp-content\/uploads\/2015\/12\/ME-t\u00fdm-300x199.jpg 300w, https:\/\/www.caths.cz\/wordpress\/wp-content\/uploads\/2015\/12\/ME-t\u00fdm-120x79.jpg 120w\" sizes=\"auto, (max-width: 1000px) 100vw, 1000px\" \/><\/a><\/p>\n","protected":false},"excerpt":{"rendered":"<a href=\"https:\/\/www.caths.cz\/wordpress\/paradrezura-vstupuje-do-caths\/\"><img width=\"100\" height=\"100\" src=\"https:\/\/www.caths.cz\/wordpress\/wp-content\/uploads\/2015\/12\/ME-t\u00fdm-100x100.jpg\" class=\"alignleft tfe wp-post-image\" alt=\"\" decoding=\"async\" loading=\"lazy\" srcset=\"https:\/\/www.caths.cz\/wordpress\/wp-content\/uploads\/2015\/12\/ME-t\u00fdm-100x100.jpg 100w, https:\/\/www.caths.cz\/wordpress\/wp-content\/uploads\/2015\/12\/ME-t\u00fdm-150x150.jpg 150w\" sizes=\"auto, (max-width: 100px) 100vw, 100px\" \/><\/a><p>Paradrezura je odno\u017e klasick\u00e9 drezury, kter\u00e1 je pouze upraven\u00e1 pro pot\u0159eby lid\u00ed s\u00a0handicapem. Jezdec m\u00e1 za \u00fakol v\u00a0drezurn\u00edm obd\u00e9ln\u00edk\u016f, jeho\u017e rozm\u011bry jsou 20&#215;40, \u010di 20&#215;60 metr\u016f (dle stupn\u011b posti\u017een\u00ed), p\u0159edv\u00e9st [&hellip;]<\/p>\n","protected":false},"author":1,"featured_media":22485,"comment_status":"closed","ping_status":"closed","sticky":false,"template":"","format":"standard","meta":{"ngg_post_thumbnail":0,"footnotes":""},"categories":[1],"tags":[],"class_list":["post-22484","post","type-post","status-publish","format-standard","has-post-thumbnail","hentry","category-nezarazene"],"_links":{"self":[{"href":"https:\/\/www.caths.cz\/wordpress\/wp-json\/wp\/v2\/posts\/22484","targetHints":{"allow":["GET"]}}],"collection":[{"href":"https:\/\/www.caths.cz\/wordpress\/wp-json\/wp\/v2\/posts"}],"about":[{"href":"https:\/\/www.caths.cz\/wordpress\/wp-json\/wp\/v2\/types\/post"}],"author":[{"embeddable":true,"href":"https:\/\/www.caths.cz\/wordpress\/wp-json\/wp\/v2\/users\/1"}],"replies":[{"embeddable":true,"href":"https:\/\/www.caths.cz\/wordpress\/wp-json\/wp\/v2\/comments?post=22484"}],"version-history":[{"count":1,"href":"https:\/\/www.caths.cz\/wordpress\/wp-json\/wp\/v2\/posts\/22484\/revisions"}],"predecessor-version":[{"id":22486,"href":"https:\/\/www.caths.cz\/wordpress\/wp-json\/wp\/v2\/posts\/22484\/revisions\/22486"}],"wp:featuredmedia":[{"embeddable":true,"href":"https:\/\/www.caths.cz\/wordpress\/wp-json\/wp\/v2\/media\/22485"}],"wp:attachment":[{"href":"https:\/\/www.caths.cz\/wordpress\/wp-json\/wp\/v2\/media?parent=22484"}],"wp:term":[{"taxonomy":"category","embeddable":true,"href":"https:\/\/www.caths.cz\/wordpress\/wp-json\/wp\/v2\/categories?post=22484"},{"taxonomy":"post_tag","embeddable":true,"href":"https:\/\/www.caths.cz\/wordpress\/wp-json\/wp\/v2\/tags?post=22484"}],"curies":[{"name":"wp","href":"https:\/\/api.w.org\/{rel}","templated":true}]}}