{"id":22475,"date":"2015-11-27T14:29:33","date_gmt":"2015-11-27T13:29:33","guid":{"rendered":"http:\/\/www.caths.cz\/wordpress\/?p=22475"},"modified":"2015-11-27T14:30:32","modified_gmt":"2015-11-27T13:30:32","slug":"o-vikendu-startuje-cp-handicapovany-cyklistu-na-draze","status":"publish","type":"post","link":"https:\/\/www.caths.cz\/wordpress\/o-vikendu-startuje-cp-handicapovany-cyklistu-na-draze\/","title":{"rendered":"O v\u00edkendu startuje \u010cP handicapovan\u00fdch cyklist\u016f na dr\u00e1ze"},"content":{"rendered":"<p>SK Cyklist\u016f Praha Nutrend Specialized, po\u0159adatel \u010cesk\u00e9ho poh\u00e1ru handicapovan\u00fdch cyklist\u016f na dr\u00e1ze p\u0159ipravil \u00favodn\u00ed poh\u00e1rov\u00fd z\u00e1vod\u00a0 na posledn\u00ed listopadov\u00fd v\u00edkend.<\/p>\n<p>Ve dnech 28 a 29. listopadu se v motolsk\u00e9 hale uskute\u010dn\u00ed \u00favodn\u00ed kolo seri\u00e1lu. Dal\u0161\u00edm z\u00e1vodem bude Mistrovstv\u00ed \u010cesk\u00e9 republiky, kter\u00e9 se pojede ve dnech 19 &#8211; 20. prosince, op\u011bt v motolsk\u00e9 hale.<\/p>\n<p>Zaj\u00edmavost\u00ed je, \u017ee z\u00e1vody \u010cesk\u00e9ho poh\u00e1ru handicapovan\u00fdch cyklist\u016f jsou po\u0159\u00e1dan\u00e9 integra\u010dn\u00ed formou, spole\u010dn\u011b s \u010cesk\u00fdm poh\u00e1rem ml\u00e1de\u017ee a \u017een na dr\u00e1ze.\u00a0SK Cyklist\u016f Praha spolupracuje p\u0159i po\u0159adatelstv\u00ed dr\u00e1hov\u00fdch z\u00e1vod\u016f velmi \u00fazce s t\u00fdmem Dukla Praha.<\/p>\n<p>Propozice :\u00a0<a href=\"http:\/\/www.caths.cz\/wordpress\/wp-content\/uploads\/2015\/11\/Rozpis-\u010cP-28.-29.11.2015-ph-II..pdf\">Rozpis \u010cP 28. 29.11.2015-ph II.<\/a><\/p>\n<p><a href=\"http:\/\/www.caths.cz\/wordpress\/wp-content\/uploads\/2015\/11\/12227645_1145357322159859_6563621937207708920_n.jpg\"><img loading=\"lazy\" decoding=\"async\" class=\"alignnone size-full wp-image-22477\" src=\"http:\/\/www.caths.cz\/wordpress\/wp-content\/uploads\/2015\/11\/12227645_1145357322159859_6563621937207708920_n.jpg\" alt=\"12227645_1145357322159859_6563621937207708920_n\" width=\"686\" height=\"354\" srcset=\"https:\/\/www.caths.cz\/wordpress\/wp-content\/uploads\/2015\/11\/12227645_1145357322159859_6563621937207708920_n.jpg 686w, https:\/\/www.caths.cz\/wordpress\/wp-content\/uploads\/2015\/11\/12227645_1145357322159859_6563621937207708920_n-300x155.jpg 300w, https:\/\/www.caths.cz\/wordpress\/wp-content\/uploads\/2015\/11\/12227645_1145357322159859_6563621937207708920_n-120x62.jpg 120w\" sizes=\"auto, (max-width: 686px) 100vw, 686px\" \/><\/a><\/p>\n<p>&nbsp;<\/p>\n","protected":false},"excerpt":{"rendered":"<a href=\"https:\/\/www.caths.cz\/wordpress\/o-vikendu-startuje-cp-handicapovany-cyklistu-na-draze\/\"><img width=\"100\" height=\"100\" src=\"https:\/\/www.caths.cz\/wordpress\/wp-content\/uploads\/2015\/11\/12227645_1145357322159859_6563621937207708920_n-100x100.jpg\" class=\"alignleft tfe wp-post-image\" alt=\"\" decoding=\"async\" loading=\"lazy\" srcset=\"https:\/\/www.caths.cz\/wordpress\/wp-content\/uploads\/2015\/11\/12227645_1145357322159859_6563621937207708920_n-100x100.jpg 100w, https:\/\/www.caths.cz\/wordpress\/wp-content\/uploads\/2015\/11\/12227645_1145357322159859_6563621937207708920_n-150x150.jpg 150w\" sizes=\"auto, (max-width: 100px) 100vw, 100px\" \/><\/a><p>SK Cyklist\u016f Praha Nutrend Specialized, po\u0159adatel \u010cesk\u00e9ho poh\u00e1ru handicapovan\u00fdch cyklist\u016f na dr\u00e1ze p\u0159ipravil \u00favodn\u00ed poh\u00e1rov\u00fd z\u00e1vod\u00a0 na posledn\u00ed listopadov\u00fd v\u00edkend. Ve dnech 28 a 29. listopadu se v motolsk\u00e9 hale [&hellip;]<\/p>\n","protected":false},"author":1,"featured_media":22477,"comment_status":"closed","ping_status":"closed","sticky":false,"template":"","format":"standard","meta":{"ngg_post_thumbnail":0,"footnotes":""},"categories":[2],"tags":[],"class_list":["post-22475","post","type-post","status-publish","format-standard","has-post-thumbnail","hentry","category-cyklistika"],"_links":{"self":[{"href":"https:\/\/www.caths.cz\/wordpress\/wp-json\/wp\/v2\/posts\/22475","targetHints":{"allow":["GET"]}}],"collection":[{"href":"https:\/\/www.caths.cz\/wordpress\/wp-json\/wp\/v2\/posts"}],"about":[{"href":"https:\/\/www.caths.cz\/wordpress\/wp-json\/wp\/v2\/types\/post"}],"author":[{"embeddable":true,"href":"https:\/\/www.caths.cz\/wordpress\/wp-json\/wp\/v2\/users\/1"}],"replies":[{"embeddable":true,"href":"https:\/\/www.caths.cz\/wordpress\/wp-json\/wp\/v2\/comments?post=22475"}],"version-history":[{"count":6,"href":"https:\/\/www.caths.cz\/wordpress\/wp-json\/wp\/v2\/posts\/22475\/revisions"}],"predecessor-version":[{"id":22483,"href":"https:\/\/www.caths.cz\/wordpress\/wp-json\/wp\/v2\/posts\/22475\/revisions\/22483"}],"wp:featuredmedia":[{"embeddable":true,"href":"https:\/\/www.caths.cz\/wordpress\/wp-json\/wp\/v2\/media\/22477"}],"wp:attachment":[{"href":"https:\/\/www.caths.cz\/wordpress\/wp-json\/wp\/v2\/media?parent=22475"}],"wp:term":[{"taxonomy":"category","embeddable":true,"href":"https:\/\/www.caths.cz\/wordpress\/wp-json\/wp\/v2\/categories?post=22475"},{"taxonomy":"post_tag","embeddable":true,"href":"https:\/\/www.caths.cz\/wordpress\/wp-json\/wp\/v2\/tags?post=22475"}],"curies":[{"name":"wp","href":"https:\/\/api.w.org\/{rel}","templated":true}]}}