{"id":22470,"date":"2015-11-27T14:15:48","date_gmt":"2015-11-27T13:15:48","guid":{"rendered":"http:\/\/www.caths.cz\/wordpress\/?p=22470"},"modified":"2015-11-27T14:19:54","modified_gmt":"2015-11-27T13:19:54","slug":"nejlepsim-handicapovanym-cyklistou-roku-je-mladicky-ivo-koblasa","status":"publish","type":"post","link":"https:\/\/www.caths.cz\/wordpress\/nejlepsim-handicapovanym-cyklistou-roku-je-mladicky-ivo-koblasa\/","title":{"rendered":"Nejlep\u0161\u00edm handicapovan\u00fdm cyklistou roku je mladi\u010dk\u00fd Ivo Koblasa!"},"content":{"rendered":"<p>Nejlep\u0161\u00edm handicapovan\u00fdm cyklistou roku 2015 se podle cyklistick\u00fdch odborn\u00edk\u016f stal benjam\u00ednek cyklistick\u00e9ho t\u00fdmu, Ivo Koblasa (Favorit Brno).<\/p>\n<p>Nej\u00fasp\u011b\u0161n\u011bj\u0161\u00ed cyklistkou je pak Tereza Diepoldov\u00e1 (Nutrend Specialized Racing).<\/p>\n<p>Bronzov\u00ed medailist\u00e9 cyklistick\u00e9ho mistrovstv\u00ed sv\u011bta a medailist\u00e9 \u0159ady z\u00e1vod\u016f Sv\u011btov\u00e9ho poh\u00e1ru v\u00a0roce 2015 z\u00edskali nejv\u00edce hlas\u016f sportovn\u00edch odborn\u00edk\u016f v\u00a0hlasov\u00e1n\u00ed \u010cesk\u00e9ho svazu cyklistiky.<\/p>\n<p>Gratulujeme a v\u011b\u0159\u00edme, \u017ee se Tereze, Ivovi a cel\u00e9mu cyklistick\u00e9mu t\u00fdmu bude da\u0159it p\u0159edev\u0161\u00edm v\u00a0p\u0159\u00ed\u0161t\u00edm roce na paralympijsk\u00fdch hr\u00e1ch v\u00a0Rio de Janeiru.<\/p>\n<p><a href=\"http:\/\/www.caths.cz\/wordpress\/wp-content\/uploads\/2015\/09\/sp-pietermaritzburg-161.jpg\"><img loading=\"lazy\" decoding=\"async\" class=\"alignnone size-full wp-image-21955\" src=\"http:\/\/www.caths.cz\/wordpress\/wp-content\/uploads\/2015\/09\/sp-pietermaritzburg-161.jpg\" alt=\"sp pietermaritzburg 161\" width=\"738\" height=\"1000\" srcset=\"https:\/\/www.caths.cz\/wordpress\/wp-content\/uploads\/2015\/09\/sp-pietermaritzburg-161.jpg 738w, https:\/\/www.caths.cz\/wordpress\/wp-content\/uploads\/2015\/09\/sp-pietermaritzburg-161-221x300.jpg 221w, https:\/\/www.caths.cz\/wordpress\/wp-content\/uploads\/2015\/09\/sp-pietermaritzburg-161-89x120.jpg 89w\" sizes=\"auto, (max-width: 738px) 100vw, 738px\" \/><\/a><\/p>\n<p><a href=\"http:\/\/www.caths.cz\/wordpress\/wp-content\/uploads\/2015\/11\/DSC_3396.jpg\"><img loading=\"lazy\" decoding=\"async\" class=\"alignnone size-large wp-image-22473\" src=\"http:\/\/www.caths.cz\/wordpress\/wp-content\/uploads\/2015\/11\/DSC_3396-1024x681.jpg\" alt=\"DSC_3396\" width=\"600\" height=\"399\" srcset=\"https:\/\/www.caths.cz\/wordpress\/wp-content\/uploads\/2015\/11\/DSC_3396-1024x681.jpg 1024w, https:\/\/www.caths.cz\/wordpress\/wp-content\/uploads\/2015\/11\/DSC_3396-300x199.jpg 300w, https:\/\/www.caths.cz\/wordpress\/wp-content\/uploads\/2015\/11\/DSC_3396-120x80.jpg 120w\" sizes=\"auto, (max-width: 600px) 100vw, 600px\" \/><\/a><\/p>\n","protected":false},"excerpt":{"rendered":"<a href=\"https:\/\/www.caths.cz\/wordpress\/nejlepsim-handicapovanym-cyklistou-roku-je-mladicky-ivo-koblasa\/\"><img width=\"100\" height=\"100\" src=\"https:\/\/www.caths.cz\/wordpress\/wp-content\/uploads\/2015\/11\/DSC_3396-100x100.jpg\" class=\"alignleft tfe wp-post-image\" alt=\"\" decoding=\"async\" loading=\"lazy\" srcset=\"https:\/\/www.caths.cz\/wordpress\/wp-content\/uploads\/2015\/11\/DSC_3396-100x100.jpg 100w, https:\/\/www.caths.cz\/wordpress\/wp-content\/uploads\/2015\/11\/DSC_3396-150x150.jpg 150w\" sizes=\"auto, (max-width: 100px) 100vw, 100px\" \/><\/a><p>Nejlep\u0161\u00edm handicapovan\u00fdm cyklistou roku 2015 se podle cyklistick\u00fdch odborn\u00edk\u016f stal benjam\u00ednek cyklistick\u00e9ho t\u00fdmu, Ivo Koblasa (Favorit Brno). Nej\u00fasp\u011b\u0161n\u011bj\u0161\u00ed cyklistkou je pak Tereza Diepoldov\u00e1 (Nutrend Specialized Racing). Bronzov\u00ed medailist\u00e9 cyklistick\u00e9ho mistrovstv\u00ed [&hellip;]<\/p>\n","protected":false},"author":1,"featured_media":22473,"comment_status":"closed","ping_status":"closed","sticky":false,"template":"","format":"standard","meta":{"ngg_post_thumbnail":0,"footnotes":""},"categories":[2],"tags":[],"class_list":["post-22470","post","type-post","status-publish","format-standard","has-post-thumbnail","hentry","category-cyklistika"],"_links":{"self":[{"href":"https:\/\/www.caths.cz\/wordpress\/wp-json\/wp\/v2\/posts\/22470","targetHints":{"allow":["GET"]}}],"collection":[{"href":"https:\/\/www.caths.cz\/wordpress\/wp-json\/wp\/v2\/posts"}],"about":[{"href":"https:\/\/www.caths.cz\/wordpress\/wp-json\/wp\/v2\/types\/post"}],"author":[{"embeddable":true,"href":"https:\/\/www.caths.cz\/wordpress\/wp-json\/wp\/v2\/users\/1"}],"replies":[{"embeddable":true,"href":"https:\/\/www.caths.cz\/wordpress\/wp-json\/wp\/v2\/comments?post=22470"}],"version-history":[{"count":3,"href":"https:\/\/www.caths.cz\/wordpress\/wp-json\/wp\/v2\/posts\/22470\/revisions"}],"predecessor-version":[{"id":22474,"href":"https:\/\/www.caths.cz\/wordpress\/wp-json\/wp\/v2\/posts\/22470\/revisions\/22474"}],"wp:featuredmedia":[{"embeddable":true,"href":"https:\/\/www.caths.cz\/wordpress\/wp-json\/wp\/v2\/media\/22473"}],"wp:attachment":[{"href":"https:\/\/www.caths.cz\/wordpress\/wp-json\/wp\/v2\/media?parent=22470"}],"wp:term":[{"taxonomy":"category","embeddable":true,"href":"https:\/\/www.caths.cz\/wordpress\/wp-json\/wp\/v2\/categories?post=22470"},{"taxonomy":"post_tag","embeddable":true,"href":"https:\/\/www.caths.cz\/wordpress\/wp-json\/wp\/v2\/tags?post=22470"}],"curies":[{"name":"wp","href":"https:\/\/api.w.org\/{rel}","templated":true}]}}