{"id":22458,"date":"2015-11-24T08:53:31","date_gmt":"2015-11-24T07:53:31","guid":{"rendered":"http:\/\/www.caths.cz\/wordpress\/?p=22458"},"modified":"2015-11-24T08:54:49","modified_gmt":"2015-11-24T07:54:49","slug":"lyzarska-sezona-201516-zahajena","status":"publish","type":"post","link":"https:\/\/www.caths.cz\/wordpress\/lyzarska-sezona-201516-zahajena\/","title":{"rendered":"Ly\u017ea\u0159sk\u00e1 sezona 2015\/16 zah\u00e1jena"},"content":{"rendered":"<p style=\"margin-bottom: .0001pt;\">Ly\u017ea\u0159sk\u00e1 reprezentace \u010cATHS m\u00e1 u\u017e za sebou dva vyda\u0159en\u00e9 tr\u00e9ninkov\u00e9 kempy na Pitztalsk\u00e9m ledovci.<\/p>\n<p style=\"margin-bottom: .0001pt;\">V\u0161echnu sm\u016flu jsme si snad vybrali v lo\u0148sk\u00e9 sezon\u011b, kdy se hned v \u00favodu p\u0159i tr\u00e9ninku zranil Oda Jel\u00ednek, Krist\u00fdn\u011b K\u0159enov\u00e9 ukradli monoski, Petr Draho\u0161 p\u0159i stavb\u011b domu spadl se st\u0159echy a ze z\u00e1vod\u011bn\u00ed tak prakticky se\u0161lo.<\/p>\n<p style=\"margin-bottom: .0001pt;\">\n<p style=\"margin-bottom: .0001pt;\"><a href=\"http:\/\/www.caths.cz\/wordpress\/wp-content\/uploads\/2015\/11\/Olda-Jel\u00ednek-Petra.jpg\"><img loading=\"lazy\" decoding=\"async\" class=\"alignnone size-large wp-image-22459\" src=\"http:\/\/www.caths.cz\/wordpress\/wp-content\/uploads\/2015\/11\/Olda-Jel\u00ednek-Petra-1024x768.jpg\" alt=\"Olda Jel\u00ednek Petra\" width=\"600\" height=\"450\" srcset=\"https:\/\/www.caths.cz\/wordpress\/wp-content\/uploads\/2015\/11\/Olda-Jel\u00ednek-Petra-1024x768.jpg 1024w, https:\/\/www.caths.cz\/wordpress\/wp-content\/uploads\/2015\/11\/Olda-Jel\u00ednek-Petra-300x225.jpg 300w, https:\/\/www.caths.cz\/wordpress\/wp-content\/uploads\/2015\/11\/Olda-Jel\u00ednek-Petra-120x90.jpg 120w\" sizes=\"auto, (max-width: 600px) 100vw, 600px\" \/><\/a><\/p>\n<p style=\"margin-bottom: .0001pt;\">\n<p style=\"margin-bottom: .0001pt;\">Letos se n\u00e1\u0161 t\u00fdm rozrostl o nov\u00e9ho ly\u017ea\u0159e na monoski Honzu Struclu a do realiza\u010dn\u00edho t\u00fdmu p\u0159ibyly dv\u011b posily Dana Markov\u00e1, tren\u00e9rka Skiklubu Vysok\u00e9 nad Jizerou a Jakub Syrov\u00e1tka, ly\u017ea\u0159sk\u00fd instruktor z Letohradu. Op\u011bt \u00fazce spolupracujeme s t\u00fdmem zrakov\u011b posti\u017een\u00fdch a na\u0161eho z\u00e1zem\u00ed vyu\u017e\u00edv\u00e1 Tom\u00e1\u0161 Vaverka ze Spastic handicap. Na \u0159\u00edjnov\u00e9m kempu tak tr\u00e9ninkovou skupinu tvo\u0159ilo sedm z\u00e1vodn\u00edk\u016f a p\u011bt \u010dlen\u016f realiza\u010dn\u00edho t\u00fdmu.<\/p>\n<p style=\"margin-bottom: .0001pt;\">\n<p style=\"margin-bottom: .0001pt;\"><a href=\"http:\/\/www.caths.cz\/wordpress\/wp-content\/uploads\/2015\/11\/DSCN6410.jpg\"><img loading=\"lazy\" decoding=\"async\" class=\"alignnone size-large wp-image-22460\" src=\"http:\/\/www.caths.cz\/wordpress\/wp-content\/uploads\/2015\/11\/DSCN6410-1024x768.jpg\" alt=\"DSCN6410\" width=\"600\" height=\"450\" srcset=\"https:\/\/www.caths.cz\/wordpress\/wp-content\/uploads\/2015\/11\/DSCN6410-1024x768.jpg 1024w, https:\/\/www.caths.cz\/wordpress\/wp-content\/uploads\/2015\/11\/DSCN6410-300x225.jpg 300w, https:\/\/www.caths.cz\/wordpress\/wp-content\/uploads\/2015\/11\/DSCN6410-120x90.jpg 120w\" sizes=\"auto, (max-width: 600px) 100vw, 600px\" \/><\/a><\/p>\n<p style=\"margin-bottom: .0001pt;\">\n<p style=\"margin-bottom: .0001pt;\">Na\u0161e leto\u0161n\u00ed c\u00edle:<\/p>\n<p style=\"margin-bottom: .0001pt;\">\n<p style=\"margin-bottom: .0001pt;\">Olda Jel\u00ednek by se r\u00e1d vr\u00e1til na v\u00fdkonnostn\u00ed \u00farove\u0148 p\u0159ed zran\u011bn\u00edm, za\u010d\u00e1tek sezony je\u0161t\u011b vynech\u00e1, bude tr\u00e9novat a do z\u00e1vod\u016f nastoup\u00ed po nov\u00e9m roce.<\/p>\n<p style=\"margin-bottom: .0001pt;\">Krist\u00fdna K\u0159enov\u00e1 a Petr Draho\u0161 maj\u00ed za c\u00edl poko\u0159it hranici bod\u016f pro \u00fa\u010dast v evropsk\u00fdch poh\u00e1rech. Oba d\u011blali hned po prvn\u00edch tr\u00e9ninc\u00edch velk\u00e9 pokroky. Krist\u00fdna bohu\u017eel onemocn\u011bla, tak vynech\u00e1 prvn\u00ed z\u00e1vody a na start se postav\u00ed v prosinci na Pitztale.<\/p>\n<p style=\"margin-bottom: .0001pt;\">Honza Strucla za\u010dne sb\u00edrat zku\u0161enosti a b\u011bhem roku vyzkou\u0161\u00ed n\u011bkolik vybran\u00fdch z\u00e1vod\u016f IPCAS \u010di otev\u0159en\u00fdch n\u00e1rodn\u00edch mistrovstv\u00ed a douf\u00e1me, \u017ee se stane posilou z\u00e1vodn\u00edho t\u00fdmu na p\u0159\u00ed\u0161t\u00ed roky.<\/p>\n<p style=\"margin-bottom: .0001pt;\">\n<p style=\"margin-bottom: .0001pt;\"><a href=\"http:\/\/www.caths.cz\/wordpress\/wp-content\/uploads\/2015\/11\/Honza-Strucla.jpg\"><img loading=\"lazy\" decoding=\"async\" class=\"alignnone size-large wp-image-22461\" src=\"http:\/\/www.caths.cz\/wordpress\/wp-content\/uploads\/2015\/11\/Honza-Strucla-1024x768.jpg\" alt=\"Honza Strucla\" width=\"600\" height=\"450\" srcset=\"https:\/\/www.caths.cz\/wordpress\/wp-content\/uploads\/2015\/11\/Honza-Strucla-1024x768.jpg 1024w, https:\/\/www.caths.cz\/wordpress\/wp-content\/uploads\/2015\/11\/Honza-Strucla-300x225.jpg 300w, https:\/\/www.caths.cz\/wordpress\/wp-content\/uploads\/2015\/11\/Honza-Strucla-120x90.jpg 120w\" sizes=\"auto, (max-width: 600px) 100vw, 600px\" \/><\/a><\/p>\n","protected":false},"excerpt":{"rendered":"<a href=\"https:\/\/www.caths.cz\/wordpress\/lyzarska-sezona-201516-zahajena\/\"><img width=\"100\" height=\"100\" src=\"https:\/\/www.caths.cz\/wordpress\/wp-content\/uploads\/2015\/11\/Olda-Jel\u00ednek-Petra-100x100.jpg\" class=\"alignleft tfe wp-post-image\" alt=\"\" decoding=\"async\" loading=\"lazy\" srcset=\"https:\/\/www.caths.cz\/wordpress\/wp-content\/uploads\/2015\/11\/Olda-Jel\u00ednek-Petra-100x100.jpg 100w, https:\/\/www.caths.cz\/wordpress\/wp-content\/uploads\/2015\/11\/Olda-Jel\u00ednek-Petra-150x150.jpg 150w\" sizes=\"auto, (max-width: 100px) 100vw, 100px\" \/><\/a><p>Ly\u017ea\u0159sk\u00e1 reprezentace \u010cATHS m\u00e1 u\u017e za sebou dva vyda\u0159en\u00e9 tr\u00e9ninkov\u00e9 kempy na Pitztalsk\u00e9m ledovci. V\u0161echnu sm\u016flu jsme si snad vybrali v lo\u0148sk\u00e9 sezon\u011b, kdy se hned v \u00favodu p\u0159i tr\u00e9ninku [&hellip;]<\/p>\n","protected":false},"author":1,"featured_media":22459,"comment_status":"closed","ping_status":"closed","sticky":false,"template":"","format":"standard","meta":{"ngg_post_thumbnail":0,"footnotes":""},"categories":[14],"tags":[],"class_list":["post-22458","post","type-post","status-publish","format-standard","has-post-thumbnail","hentry","category-lyzovani"],"_links":{"self":[{"href":"https:\/\/www.caths.cz\/wordpress\/wp-json\/wp\/v2\/posts\/22458","targetHints":{"allow":["GET"]}}],"collection":[{"href":"https:\/\/www.caths.cz\/wordpress\/wp-json\/wp\/v2\/posts"}],"about":[{"href":"https:\/\/www.caths.cz\/wordpress\/wp-json\/wp\/v2\/types\/post"}],"author":[{"embeddable":true,"href":"https:\/\/www.caths.cz\/wordpress\/wp-json\/wp\/v2\/users\/1"}],"replies":[{"embeddable":true,"href":"https:\/\/www.caths.cz\/wordpress\/wp-json\/wp\/v2\/comments?post=22458"}],"version-history":[{"count":3,"href":"https:\/\/www.caths.cz\/wordpress\/wp-json\/wp\/v2\/posts\/22458\/revisions"}],"predecessor-version":[{"id":22464,"href":"https:\/\/www.caths.cz\/wordpress\/wp-json\/wp\/v2\/posts\/22458\/revisions\/22464"}],"wp:featuredmedia":[{"embeddable":true,"href":"https:\/\/www.caths.cz\/wordpress\/wp-json\/wp\/v2\/media\/22459"}],"wp:attachment":[{"href":"https:\/\/www.caths.cz\/wordpress\/wp-json\/wp\/v2\/media?parent=22458"}],"wp:term":[{"taxonomy":"category","embeddable":true,"href":"https:\/\/www.caths.cz\/wordpress\/wp-json\/wp\/v2\/categories?post=22458"},{"taxonomy":"post_tag","embeddable":true,"href":"https:\/\/www.caths.cz\/wordpress\/wp-json\/wp\/v2\/tags?post=22458"}],"curies":[{"name":"wp","href":"https:\/\/api.w.org\/{rel}","templated":true}]}}