{"id":22409,"date":"2015-10-31T09:15:37","date_gmt":"2015-10-31T08:15:37","guid":{"rendered":"http:\/\/www.caths.cz\/wordpress\/?p=22409"},"modified":"2015-10-31T09:15:37","modified_gmt":"2015-10-31T08:15:37","slug":"ales-kisy-veze-z-mistrovstvi-sveta-bronzovou-medaili","status":"publish","type":"post","link":"https:\/\/www.caths.cz\/wordpress\/ales-kisy-veze-z-mistrovstvi-sveta-bronzovou-medaili\/","title":{"rendered":"Ale\u0161 Kis\u00fd veze z mistrovstv\u00ed sv\u011bta bronzovou medaili"},"content":{"rendered":"<p style=\"line-height: 16.9pt; margin: 0cm 0cm 18.0pt 0cm;\"><span style=\"font-size: 11.5pt; font-family: 'Arial','sans-serif'; color: #333333;\">Koula\u0159 Ale\u0161 Kis\u00fd vybojoval ve \u010dtvrtek t\u0159et\u00ed m\u00edsto ve vrhu koul\u00ed v\u00fdkonem 7,69 m a veze dom\u016f bronzovou medaili. Pro Ale\u0161e je to po \u010dtvrt\u00e9m m\u00edst\u011b v Lond\u00fdne a MS v Lyonu kone\u010dn\u011b zase cenn\u00fd kov.\u00a0Porazili jej jen \u0158ek Fernandez 8,35m a Ameri\u010dan Severn s\u00a08,14 m. <\/span><\/p>\n<p style=\"line-height: 16.9pt; orphans: auto; text-align: start; widows: 1; -webkit-text-stroke-width: 0px; word-spacing: 0px; margin: 0cm 0cm 18.0pt 0cm;\"><span style=\"font-size: 11.5pt; font-family: 'Arial','sans-serif'; color: #333333;\">Ostatn\u00edm \u010dlen\u016fm v\u00fdpravy \u010cATHS se bohu\u017eel neda\u0159ilo. Medailov\u00e9 ambice m\u011bli ku\u017eelk\u00e1\u0159i B\u011ble\u0161, Zvol\u00e1nek a Van\u011bk, ne\u00faprosn\u00e1 vedra je v\u0161ak zastavila. Kluci m\u011bli probl\u00e9m nejen s horkem ale i po technick\u00e9 str\u00e1nce, proto\u017ee lepen\u00ed, kter\u00e9 pou\u017e\u00edvaj\u00ed na \u00fachop ku\u017eelky se v katarsk\u00e9 v\u00fdhni rozt\u00e9kalo a nelepilo. Ostatn\u00ed soupe\u0159i maj\u00ed tu v\u00fdhodu, \u017ee ku\u017eelku v dlani lepit nemus\u00ed a tak tento probl\u00e9m ne\u0159e\u0161ili. Nakonec s\u00a0v\u00fdkony daleko za sv\u00fdmi maximy \u010de\u0161t\u00ed atleti skon\u010dili na 6.m\u00edst\u011b Martin Zvol\u00e1nek, 7. Jan Van\u011bk a des\u00e1t\u00e9m Radim B\u011ble\u0161.<\/span><\/p>\n<p style=\"line-height: 16.9pt; orphans: auto; text-align: start; widows: 1; -webkit-text-stroke-width: 0px; word-spacing: 0px; margin: 0cm 0cm 18.0pt 0cm;\"><span style=\"font-size: 11.5pt; font-family: 'Arial','sans-serif'; color: #333333;\">Eva Kacanu nastupovala v sout\u011b\u017ei ve vrhu koul\u00ed kategorie F54. I p\u0159es stoupaj\u00edc\u00ed formu z posledn\u00edch t\u00fddn\u016f a v\u00fdkony daleko za 6 m se Ev\u011b nepoda\u0159ilo tuto hranici v sout\u011b\u017ei p\u0159ekonat. Horko si vybralo svou da\u0148 a Eva skon\u010dila na \u0161est\u00e9m m\u00edst\u011b s v\u00fdkonem 5,87.<\/span><\/p>\n<p style=\"line-height: 16.9pt; margin: 0cm 0cm 18.0pt 0cm;\"><span style=\"font-size: 11.5pt; font-family: 'Arial','sans-serif'; color: #333333;\">Jaroslav Petrou\u0161 po p\u0159eklasifikaci nastupoval do sout\u011b\u017ee v\u00a0hodu diskem kategorie F42, kde v\u00fdkonem 35,38m obsadil des\u00e1t\u00e9 m\u00edsto.<\/span><\/p>\n<p style=\"line-height: 16.9pt; margin: 0cm 0cm 18.0pt 0cm;\"><span style=\"font-size: 11.5pt; font-family: 'Arial','sans-serif'; color: #333333;\">Dva bronzy p\u0159iv\u00e1\u017e\u00ed i atleti z\u00a0SH \u2013 Gr\u00e9zl z\u00a0vrhu koul\u00ed a Petr Vr\u00e1til z\u00a0hodu o\u0161t\u011bpem. Eva Bern\u00e1 skon\u010dila ve vrhu koul\u00ed nepopul\u00e1rn\u00ed \u010dtvrt\u00e9 m\u00edsto. <\/span><\/p>\n<p><a href=\"http:\/\/www.caths.cz\/wordpress\/wp-content\/uploads\/2015\/10\/IMG_2070.jpg\"><img loading=\"lazy\" decoding=\"async\" class=\"alignnone size-full wp-image-22410\" src=\"http:\/\/www.caths.cz\/wordpress\/wp-content\/uploads\/2015\/10\/IMG_2070.jpg\" alt=\"IMG_2070\" width=\"1000\" height=\"667\" srcset=\"https:\/\/www.caths.cz\/wordpress\/wp-content\/uploads\/2015\/10\/IMG_2070.jpg 1000w, https:\/\/www.caths.cz\/wordpress\/wp-content\/uploads\/2015\/10\/IMG_2070-300x200.jpg 300w, https:\/\/www.caths.cz\/wordpress\/wp-content\/uploads\/2015\/10\/IMG_2070-120x80.jpg 120w\" sizes=\"auto, (max-width: 1000px) 100vw, 1000px\" \/><\/a><\/p>\n<p><a href=\"http:\/\/www.caths.cz\/wordpress\/wp-content\/uploads\/2015\/10\/IMG_2054.jpg\"><img loading=\"lazy\" decoding=\"async\" class=\"alignnone size-large wp-image-22411\" src=\"http:\/\/www.caths.cz\/wordpress\/wp-content\/uploads\/2015\/10\/IMG_2054.jpg\" alt=\"IMG_2054\" width=\"600\" height=\"400\" srcset=\"https:\/\/www.caths.cz\/wordpress\/wp-content\/uploads\/2015\/10\/IMG_2054.jpg 1000w, https:\/\/www.caths.cz\/wordpress\/wp-content\/uploads\/2015\/10\/IMG_2054-300x200.jpg 300w, https:\/\/www.caths.cz\/wordpress\/wp-content\/uploads\/2015\/10\/IMG_2054-120x80.jpg 120w\" sizes=\"auto, (max-width: 600px) 100vw, 600px\" \/><\/a><\/p>\n<p><a href=\"http:\/\/www.caths.cz\/wordpress\/wp-content\/uploads\/2015\/10\/IMG_2069.jpg\"><img loading=\"lazy\" decoding=\"async\" class=\"alignnone size-large wp-image-22412\" src=\"http:\/\/www.caths.cz\/wordpress\/wp-content\/uploads\/2015\/10\/IMG_2069.jpg\" alt=\"IMG_2069\" width=\"600\" height=\"400\" srcset=\"https:\/\/www.caths.cz\/wordpress\/wp-content\/uploads\/2015\/10\/IMG_2069.jpg 1000w, https:\/\/www.caths.cz\/wordpress\/wp-content\/uploads\/2015\/10\/IMG_2069-300x200.jpg 300w, https:\/\/www.caths.cz\/wordpress\/wp-content\/uploads\/2015\/10\/IMG_2069-120x80.jpg 120w\" sizes=\"auto, (max-width: 600px) 100vw, 600px\" \/><\/a><\/p>\n<p>&nbsp;<\/p>\n","protected":false},"excerpt":{"rendered":"<a href=\"https:\/\/www.caths.cz\/wordpress\/ales-kisy-veze-z-mistrovstvi-sveta-bronzovou-medaili\/\"><img width=\"100\" height=\"100\" src=\"https:\/\/www.caths.cz\/wordpress\/wp-content\/uploads\/2015\/10\/IMG_2070-100x100.jpg\" class=\"alignleft tfe wp-post-image\" alt=\"\" decoding=\"async\" loading=\"lazy\" srcset=\"https:\/\/www.caths.cz\/wordpress\/wp-content\/uploads\/2015\/10\/IMG_2070-100x100.jpg 100w, https:\/\/www.caths.cz\/wordpress\/wp-content\/uploads\/2015\/10\/IMG_2070-150x150.jpg 150w\" sizes=\"auto, (max-width: 100px) 100vw, 100px\" \/><\/a><p>Koula\u0159 Ale\u0161 Kis\u00fd vybojoval ve \u010dtvrtek t\u0159et\u00ed m\u00edsto ve vrhu koul\u00ed v\u00fdkonem 7,69 m a veze dom\u016f bronzovou medaili. Pro Ale\u0161e je to po \u010dtvrt\u00e9m m\u00edst\u011b v Lond\u00fdne a MS [&hellip;]<\/p>\n","protected":false},"author":1,"featured_media":22410,"comment_status":"closed","ping_status":"closed","sticky":false,"template":"","format":"standard","meta":{"ngg_post_thumbnail":0,"footnotes":""},"categories":[5],"tags":[],"class_list":["post-22409","post","type-post","status-publish","format-standard","has-post-thumbnail","hentry","category-atletika"],"_links":{"self":[{"href":"https:\/\/www.caths.cz\/wordpress\/wp-json\/wp\/v2\/posts\/22409","targetHints":{"allow":["GET"]}}],"collection":[{"href":"https:\/\/www.caths.cz\/wordpress\/wp-json\/wp\/v2\/posts"}],"about":[{"href":"https:\/\/www.caths.cz\/wordpress\/wp-json\/wp\/v2\/types\/post"}],"author":[{"embeddable":true,"href":"https:\/\/www.caths.cz\/wordpress\/wp-json\/wp\/v2\/users\/1"}],"replies":[{"embeddable":true,"href":"https:\/\/www.caths.cz\/wordpress\/wp-json\/wp\/v2\/comments?post=22409"}],"version-history":[{"count":1,"href":"https:\/\/www.caths.cz\/wordpress\/wp-json\/wp\/v2\/posts\/22409\/revisions"}],"predecessor-version":[{"id":22413,"href":"https:\/\/www.caths.cz\/wordpress\/wp-json\/wp\/v2\/posts\/22409\/revisions\/22413"}],"wp:featuredmedia":[{"embeddable":true,"href":"https:\/\/www.caths.cz\/wordpress\/wp-json\/wp\/v2\/media\/22410"}],"wp:attachment":[{"href":"https:\/\/www.caths.cz\/wordpress\/wp-json\/wp\/v2\/media?parent=22409"}],"wp:term":[{"taxonomy":"category","embeddable":true,"href":"https:\/\/www.caths.cz\/wordpress\/wp-json\/wp\/v2\/categories?post=22409"},{"taxonomy":"post_tag","embeddable":true,"href":"https:\/\/www.caths.cz\/wordpress\/wp-json\/wp\/v2\/tags?post=22409"}],"curies":[{"name":"wp","href":"https:\/\/api.w.org\/{rel}","templated":true}]}}