{"id":22394,"date":"2015-10-20T21:42:34","date_gmt":"2015-10-20T20:42:34","guid":{"rendered":"http:\/\/www.caths.cz\/wordpress\/?p=22394"},"modified":"2015-10-20T21:42:34","modified_gmt":"2015-10-20T20:42:34","slug":"vynikajici-zaver-sezony-pro-ceske-handbikery","status":"publish","type":"post","link":"https:\/\/www.caths.cz\/wordpress\/vynikajici-zaver-sezony-pro-ceske-handbikery\/","title":{"rendered":"Vynikaj\u00edc\u00ed z\u00e1v\u011br sez\u00f3ny pro \u010desk\u00e9 handbikery"},"content":{"rendered":"<p>Uplynul\u00fd v\u00edkend se v rakousk\u00e9m Lengau nedaleko Saltzburgu jel posledn\u00ed a fin\u00e1lov\u00fd z\u00e1vod seri\u00e1lu handbik\u016f EHC 2015.<\/p>\n<p>Na startu nechyb\u011bli ani \u010de\u0161t\u00ed z\u00e1vodn\u00edci a opravdu se jim da\u0159ilo.<\/p>\n<p>Patrik Jahoda (H1) zv\u00edt\u011bzil ve sv\u00e9 kategorii a nechal za z\u00e1dy i sv\u00e9 leto\u0161n\u00ed velk\u00e9 soupe\u0159e Bachmaiera (AUT), Fr\u00fcha (SUI) a Mikolajczyka (POL).\u00a0V celkov\u00e9m po\u0159ad\u00ed kategorie H1 skon\u010dil Patrik druh\u00fd za Mikolajczykem, ale jen kv\u016fli ni\u017e\u0161\u00edmu po\u010dtu z\u00e1vod\u016f, proto\u017ee ve v\u0161ech, kter\u00fdch se z\u00fa\u010dastnil, byl nejlep\u0161\u00ed v kategorii.<\/p>\n<p>Opravdu \u00fa\u017easn\u011b zajel Tom\u00e1\u0161 Mo\u0161ni\u010dka na druh\u00e9m m\u00edst\u011b v H3, 40s za Raku\u0161anem Ablingerem.<\/p>\n<p>Katka Anto\u0161ov\u00e1 skon\u010dila druh\u00e1 za Annou Oroszovou (SVK) a Miroslav \u0160ulc p\u00e1t\u00fd za dvojn\u00e1sobn\u00fdm mistrem sv\u011bta Rafalem Wilkem (POL) a trojic\u00ed N\u011bmc\u016f Gabriel, Purschke, Heine.<\/p>\n<p>Celkov\u00e9 v\u00fdsledky naleznete zde:\u00a0<a href=\"http:\/\/www.caths.cz\/wordpress\/wp-content\/uploads\/2015\/10\/15.10.18LengauRR.pdf\">15.10.18LengauRR<\/a><\/p>\n<p><a href=\"http:\/\/www.caths.cz\/wordpress\/wp-content\/uploads\/2015\/10\/dsc_6776.jpg\"><img loading=\"lazy\" decoding=\"async\" class=\"alignnone size-large wp-image-22396\" src=\"http:\/\/www.caths.cz\/wordpress\/wp-content\/uploads\/2015\/10\/dsc_6776-1024x680.jpg\" alt=\"dsc_6776\" width=\"600\" height=\"398\" srcset=\"https:\/\/www.caths.cz\/wordpress\/wp-content\/uploads\/2015\/10\/dsc_6776.jpg 1024w, https:\/\/www.caths.cz\/wordpress\/wp-content\/uploads\/2015\/10\/dsc_6776-300x199.jpg 300w, https:\/\/www.caths.cz\/wordpress\/wp-content\/uploads\/2015\/10\/dsc_6776-120x80.jpg 120w\" sizes=\"auto, (max-width: 600px) 100vw, 600px\" \/><\/a><\/p>\n","protected":false},"excerpt":{"rendered":"<a href=\"https:\/\/www.caths.cz\/wordpress\/vynikajici-zaver-sezony-pro-ceske-handbikery\/\"><img width=\"100\" height=\"100\" src=\"https:\/\/www.caths.cz\/wordpress\/wp-content\/uploads\/2015\/10\/dsc_6776-100x100.jpg\" class=\"alignleft tfe wp-post-image\" alt=\"\" decoding=\"async\" loading=\"lazy\" srcset=\"https:\/\/www.caths.cz\/wordpress\/wp-content\/uploads\/2015\/10\/dsc_6776-100x100.jpg 100w, https:\/\/www.caths.cz\/wordpress\/wp-content\/uploads\/2015\/10\/dsc_6776-150x150.jpg 150w\" sizes=\"auto, (max-width: 100px) 100vw, 100px\" \/><\/a><p>Uplynul\u00fd v\u00edkend se v rakousk\u00e9m Lengau nedaleko Saltzburgu jel posledn\u00ed a fin\u00e1lov\u00fd z\u00e1vod seri\u00e1lu handbik\u016f EHC 2015. Na startu nechyb\u011bli ani \u010de\u0161t\u00ed z\u00e1vodn\u00edci a opravdu se jim da\u0159ilo. Patrik Jahoda [&hellip;]<\/p>\n","protected":false},"author":1,"featured_media":22396,"comment_status":"closed","ping_status":"closed","sticky":false,"template":"","format":"standard","meta":{"ngg_post_thumbnail":0,"footnotes":""},"categories":[9],"tags":[],"class_list":["post-22394","post","type-post","status-publish","format-standard","has-post-thumbnail","hentry","category-handbike"],"_links":{"self":[{"href":"https:\/\/www.caths.cz\/wordpress\/wp-json\/wp\/v2\/posts\/22394","targetHints":{"allow":["GET"]}}],"collection":[{"href":"https:\/\/www.caths.cz\/wordpress\/wp-json\/wp\/v2\/posts"}],"about":[{"href":"https:\/\/www.caths.cz\/wordpress\/wp-json\/wp\/v2\/types\/post"}],"author":[{"embeddable":true,"href":"https:\/\/www.caths.cz\/wordpress\/wp-json\/wp\/v2\/users\/1"}],"replies":[{"embeddable":true,"href":"https:\/\/www.caths.cz\/wordpress\/wp-json\/wp\/v2\/comments?post=22394"}],"version-history":[{"count":1,"href":"https:\/\/www.caths.cz\/wordpress\/wp-json\/wp\/v2\/posts\/22394\/revisions"}],"predecessor-version":[{"id":22397,"href":"https:\/\/www.caths.cz\/wordpress\/wp-json\/wp\/v2\/posts\/22394\/revisions\/22397"}],"wp:featuredmedia":[{"embeddable":true,"href":"https:\/\/www.caths.cz\/wordpress\/wp-json\/wp\/v2\/media\/22396"}],"wp:attachment":[{"href":"https:\/\/www.caths.cz\/wordpress\/wp-json\/wp\/v2\/media?parent=22394"}],"wp:term":[{"taxonomy":"category","embeddable":true,"href":"https:\/\/www.caths.cz\/wordpress\/wp-json\/wp\/v2\/categories?post=22394"},{"taxonomy":"post_tag","embeddable":true,"href":"https:\/\/www.caths.cz\/wordpress\/wp-json\/wp\/v2\/tags?post=22394"}],"curies":[{"name":"wp","href":"https:\/\/api.w.org\/{rel}","templated":true}]}}