{"id":22391,"date":"2015-10-19T05:22:32","date_gmt":"2015-10-19T04:22:32","guid":{"rendered":"http:\/\/www.caths.cz\/wordpress\/?p=22391"},"modified":"2015-10-19T05:24:42","modified_gmt":"2015-10-19T04:24:42","slug":"fotografie-z-evropskeho-poharu-cyklistu-na-strahove","status":"publish","type":"post","link":"https:\/\/www.caths.cz\/wordpress\/fotografie-z-evropskeho-poharu-cyklistu-na-strahove\/","title":{"rendered":"Fotografie z Evropsk\u00e9ho poh\u00e1ru cyklist\u016f na Strahov\u011b"},"content":{"rendered":"<p>Foto: V. Vodi\u010dkov\u00e1 &#8211; \u00a0 <a href=\"http:\/\/www.caths.cz\/wordpress\/galerie\/nggallery\/cyklistika-a-handbike\/ep-praha-2015-foto-v-vodickova\" target=\"_blank\">vstup do galerie zde<\/a><\/p>\n","protected":false},"excerpt":{"rendered":"<a href=\"https:\/\/www.caths.cz\/wordpress\/fotografie-z-evropskeho-poharu-cyklistu-na-strahove\/\"><img width=\"100\" height=\"100\" src=\"https:\/\/www.caths.cz\/wordpress\/wp-content\/uploads\/2015\/09\/20150927_114033-100x100.jpg\" class=\"alignleft tfe wp-post-image\" alt=\"\" decoding=\"async\" loading=\"lazy\" srcset=\"https:\/\/www.caths.cz\/wordpress\/wp-content\/uploads\/2015\/09\/20150927_114033-100x100.jpg 100w, https:\/\/www.caths.cz\/wordpress\/wp-content\/uploads\/2015\/09\/20150927_114033-150x150.jpg 150w\" sizes=\"auto, (max-width: 100px) 100vw, 100px\" \/><\/a><p>Foto: V. Vodi\u010dkov\u00e1 &#8211; \u00a0 vstup do galerie zde<\/p>\n","protected":false},"author":1,"featured_media":21975,"comment_status":"closed","ping_status":"closed","sticky":false,"template":"","format":"standard","meta":{"ngg_post_thumbnail":0,"footnotes":""},"categories":[2,8,9],"tags":[],"class_list":["post-22391","post","type-post","status-publish","format-standard","has-post-thumbnail","hentry","category-cyklistika","category-fotoreporty","category-handbike"],"_links":{"self":[{"href":"https:\/\/www.caths.cz\/wordpress\/wp-json\/wp\/v2\/posts\/22391","targetHints":{"allow":["GET"]}}],"collection":[{"href":"https:\/\/www.caths.cz\/wordpress\/wp-json\/wp\/v2\/posts"}],"about":[{"href":"https:\/\/www.caths.cz\/wordpress\/wp-json\/wp\/v2\/types\/post"}],"author":[{"embeddable":true,"href":"https:\/\/www.caths.cz\/wordpress\/wp-json\/wp\/v2\/users\/1"}],"replies":[{"embeddable":true,"href":"https:\/\/www.caths.cz\/wordpress\/wp-json\/wp\/v2\/comments?post=22391"}],"version-history":[{"count":2,"href":"https:\/\/www.caths.cz\/wordpress\/wp-json\/wp\/v2\/posts\/22391\/revisions"}],"predecessor-version":[{"id":22393,"href":"https:\/\/www.caths.cz\/wordpress\/wp-json\/wp\/v2\/posts\/22391\/revisions\/22393"}],"wp:featuredmedia":[{"embeddable":true,"href":"https:\/\/www.caths.cz\/wordpress\/wp-json\/wp\/v2\/media\/21975"}],"wp:attachment":[{"href":"https:\/\/www.caths.cz\/wordpress\/wp-json\/wp\/v2\/media?parent=22391"}],"wp:term":[{"taxonomy":"category","embeddable":true,"href":"https:\/\/www.caths.cz\/wordpress\/wp-json\/wp\/v2\/categories?post=22391"},{"taxonomy":"post_tag","embeddable":true,"href":"https:\/\/www.caths.cz\/wordpress\/wp-json\/wp\/v2\/tags?post=22391"}],"curies":[{"name":"wp","href":"https:\/\/api.w.org\/{rel}","templated":true}]}}