{"id":2235,"date":"2012-05-13T18:06:12","date_gmt":"2012-05-13T17:06:12","guid":{"rendered":"http:\/\/www.caths.cz\/wordpress\/?p=2235"},"modified":"2012-05-13T18:06:12","modified_gmt":"2012-05-13T17:06:12","slug":"cesti-stolni-teniste-na-slovenia-open-2012","status":"publish","type":"post","link":"https:\/\/www.caths.cz\/wordpress\/cesti-stolni-teniste-na-slovenia-open-2012\/","title":{"rendered":"\u010ce\u0161t\u00ed stoln\u00ed tenist\u00e9 na Slovenia Open 2012"},"content":{"rendered":"<p align=\"justify\">   V pln\u00e9m slo\u017een\u00ed t\u00fdmu se se\u0161li \u010de\u0161t\u00ed stoln\u00ed tenist\u00e9 v La\u0161ku na \u201e\u010dty\u0159ic\u00edtkov\u00e9m\u201c turnaji Slovenia Open. T\u00fdm ve slo\u017een\u00ed Such\u00e1nek, Hadrava, Tau\u0161, Horut, Lambert a Karabec v\u010detn\u011b tren\u00e9r\u016f Schenka a Ja\u0161ka si cht\u011bl vyzkou\u0161et spolupr\u00e1ci a turnajov\u00fd \u201eshon\u201c nane\u010disto p\u0159ed lond\u00fdnskou paralympi\u00e1dou.\n<\/p>\n<p align=\"justify\">Ze z\u00e1kladn\u00edch skupin se a\u017e na Zby\u0148ka Lamberta probojovali v\u0161ichni \u010de\u0161t\u00ed hr\u00e1\u010di. V KO pavoukovi se pak v singlech nejd\u00e1le dostal Dan Horut, ale na cenn\u00fd kov to nesta\u010dilo.<br \/> V t\u00fdmech jsou na\u0161i hr\u00e1\u010di siln\u00fdmi soupe\u0159i, v kompletn\u00edm paralympijsk\u00e9m slo\u017een\u00ed t\u00fdmu nastoupili Hadrava s Tau\u0161em v kategorii M5 a Horut s Lambertem v kategorii M7. Do kombinovan\u00fdch t\u00fdm\u016f nastoupili Such\u00e1nek s Raku\u0161anem Ruepem a Karabec s Holan\u010fanem Hergelinkem. <br \/> Jedin\u00fd, kdo se postavil na stupn\u011b v\u00edt\u011bz\u016f a to hned na ten nejvy\u0161\u0161\u00ed, byl Ivan Karabec se sv\u00fdm spoluhr\u00e1\u010dem v kategorii M10. Ostatn\u00ed t\u00fdmy bojovaly o bronz, ale bohu\u017eel prohr\u00e1ly.<\/p>\n<p> Celkov\u00e9 v\u00fdsledky turnaje naleznete <a href=\"http:\/\/www.ipttc.org\/upload\/results\/files\/\" target=\"_blank\"> zde<\/a> <\/p>\n","protected":false},"excerpt":{"rendered":"<a href=\"https:\/\/www.caths.cz\/wordpress\/cesti-stolni-teniste-na-slovenia-open-2012\/\"><img loading=\"lazy\" decoding=\"async\" width=\"100\" height=\"100\" src=\"https:\/\/www.caths.cz\/wordpress\/wp-content\/plugins\/thumbnail-for-excerpts\/tfe_no_thumb.png\" class=\"alignleft wp-post-image tfe\" alt=\"\" title=\"\" \/><\/a><p>V pln\u00e9m slo\u017een\u00ed t\u00fdmu se se\u0161li \u010de\u0161t\u00ed stoln\u00ed tenist\u00e9 v La\u0161ku na \u201e\u010dty\u0159ic\u00edtkov\u00e9m\u201c turnaji Slovenia Open. T\u00fdm ve slo\u017een\u00ed Such\u00e1nek, Hadrava, Tau\u0161, Horut, Lambert a Karabec v\u010detn\u011b tren\u00e9r\u016f Schenka a [&hellip;]<\/p>\n","protected":false},"author":1,"featured_media":0,"comment_status":"closed","ping_status":"closed","sticky":false,"template":"","format":"standard","meta":{"ngg_post_thumbnail":0,"footnotes":""},"categories":[19],"tags":[],"class_list":["post-2235","post","type-post","status-publish","format-standard","hentry","category-stolni-tenis"],"_links":{"self":[{"href":"https:\/\/www.caths.cz\/wordpress\/wp-json\/wp\/v2\/posts\/2235","targetHints":{"allow":["GET"]}}],"collection":[{"href":"https:\/\/www.caths.cz\/wordpress\/wp-json\/wp\/v2\/posts"}],"about":[{"href":"https:\/\/www.caths.cz\/wordpress\/wp-json\/wp\/v2\/types\/post"}],"author":[{"embeddable":true,"href":"https:\/\/www.caths.cz\/wordpress\/wp-json\/wp\/v2\/users\/1"}],"replies":[{"embeddable":true,"href":"https:\/\/www.caths.cz\/wordpress\/wp-json\/wp\/v2\/comments?post=2235"}],"version-history":[{"count":0,"href":"https:\/\/www.caths.cz\/wordpress\/wp-json\/wp\/v2\/posts\/2235\/revisions"}],"wp:attachment":[{"href":"https:\/\/www.caths.cz\/wordpress\/wp-json\/wp\/v2\/media?parent=2235"}],"wp:term":[{"taxonomy":"category","embeddable":true,"href":"https:\/\/www.caths.cz\/wordpress\/wp-json\/wp\/v2\/categories?post=2235"},{"taxonomy":"post_tag","embeddable":true,"href":"https:\/\/www.caths.cz\/wordpress\/wp-json\/wp\/v2\/tags?post=2235"}],"curies":[{"name":"wp","href":"https:\/\/api.w.org\/{rel}","templated":true}]}}