{"id":2234,"date":"2012-05-10T15:36:49","date_gmt":"2012-05-10T14:36:49","guid":{"rendered":"http:\/\/www.caths.cz\/wordpress\/?p=2234"},"modified":"2012-05-10T15:36:49","modified_gmt":"2012-05-10T14:36:49","slug":"v-pardubicich-odstartoval-cesky-pohar-atletiky-vozickaru-2012","status":"publish","type":"post","link":"https:\/\/www.caths.cz\/wordpress\/v-pardubicich-odstartoval-cesky-pohar-atletiky-vozickaru-2012\/","title":{"rendered":"V Pardubic\u00edch odstartoval \u010cesk\u00fd poh\u00e1r atletiky voz\u00ed\u010dk\u00e1\u0159\u016f 2012"},"content":{"rendered":"<p align=\"justify\">Tradi\u010dn\u00edm &#8222;otv\u00edr\u00e1kem&#8220; sez\u00f3ny je na po\u010d\u00e1tku kv\u011btna z\u00e1vod v Pardubic\u00edch. Tak tomu bylo i v leto\u0161n\u00edm roce a na startovn\u00ed listin\u011b se objevila cel\u00e1 \u010desk\u00e1 vrha\u010dsk\u00e1 \u0161pi\u010dka.\n<\/p>\n<p align=\"justify\">N\u011bkte\u0159\u00ed atleti se p\u0159esunuli do Pardubic p\u0159\u00edmo ze soust\u0159ed\u011bn\u00ed, kter\u00e9 se konalo v Nymburce. Rovn\u011b\u017e dvojice atlet\u016f Petrou\u0161, U\u0159\u00eddil do Pardubic dorazila z mezin\u00e1rodn\u00edch atletick\u00fdch z\u00e1vod\u016f konan\u00fdch v chorvatsk\u00e9m Z\u00e1h\u0159ebu, kde se poda\u0159ilo Jaroslavu Petrou\u0161ovi splnit A limit na letn\u00ed paralympijsk\u00e9 hry v Lond\u00fdn\u011b.<\/p>\n<p> Po ro\u010dn\u00ed odmlce jsme mohli v diska\u0159sk\u00e9m sektoru vid\u011bt Martinu Kniezkovou, kter\u00e1 vloni bojovala se zdravotn\u00edmi probl\u00e9my a ze zdravotn\u00edch d\u016fvod\u016f celou lo\u0148skou sez\u00f3nu vynechala. Martina se bude je\u0161t\u011b pokou\u0161et o spln\u011bn\u00ed limitu na paralympi\u00e1du na atletick\u00fdch z\u00e1vodech v polovin\u011b kv\u011btna v Brn\u011b.<\/p>\n<p> Celkem se v Pardubic\u00edch p\u0159edstavilo 26 atlet\u016f a padlo 12 A MQS limit\u016f a 9 B MQS limit\u016f.<\/p>\n<p> Podrobn\u00e9 v\u00fdsledky z 1.kola \u010cP naleznete <a href=\"http:\/\/www.skmoravia.cz\/atletika\/pohar\/cp12pa.htm\" target=\"_blank\"> zde<\/a> <\/p>\n","protected":false},"excerpt":{"rendered":"<a href=\"https:\/\/www.caths.cz\/wordpress\/v-pardubicich-odstartoval-cesky-pohar-atletiky-vozickaru-2012\/\"><img loading=\"lazy\" decoding=\"async\" width=\"100\" height=\"100\" src=\"https:\/\/www.caths.cz\/wordpress\/wp-content\/plugins\/thumbnail-for-excerpts\/tfe_no_thumb.png\" class=\"alignleft wp-post-image tfe\" alt=\"\" title=\"\" \/><\/a><p>Tradi\u010dn\u00edm &#8222;otv\u00edr\u00e1kem&#8220; sez\u00f3ny je na po\u010d\u00e1tku kv\u011btna z\u00e1vod v Pardubic\u00edch. Tak tomu bylo i v leto\u0161n\u00edm roce a na startovn\u00ed listin\u011b se objevila cel\u00e1 \u010desk\u00e1 vrha\u010dsk\u00e1 \u0161pi\u010dka. N\u011bkte\u0159\u00ed atleti se [&hellip;]<\/p>\n","protected":false},"author":1,"featured_media":0,"comment_status":"closed","ping_status":"closed","sticky":false,"template":"","format":"standard","meta":{"ngg_post_thumbnail":0,"footnotes":""},"categories":[5],"tags":[],"class_list":["post-2234","post","type-post","status-publish","format-standard","hentry","category-atletika"],"_links":{"self":[{"href":"https:\/\/www.caths.cz\/wordpress\/wp-json\/wp\/v2\/posts\/2234","targetHints":{"allow":["GET"]}}],"collection":[{"href":"https:\/\/www.caths.cz\/wordpress\/wp-json\/wp\/v2\/posts"}],"about":[{"href":"https:\/\/www.caths.cz\/wordpress\/wp-json\/wp\/v2\/types\/post"}],"author":[{"embeddable":true,"href":"https:\/\/www.caths.cz\/wordpress\/wp-json\/wp\/v2\/users\/1"}],"replies":[{"embeddable":true,"href":"https:\/\/www.caths.cz\/wordpress\/wp-json\/wp\/v2\/comments?post=2234"}],"version-history":[{"count":0,"href":"https:\/\/www.caths.cz\/wordpress\/wp-json\/wp\/v2\/posts\/2234\/revisions"}],"wp:attachment":[{"href":"https:\/\/www.caths.cz\/wordpress\/wp-json\/wp\/v2\/media?parent=2234"}],"wp:term":[{"taxonomy":"category","embeddable":true,"href":"https:\/\/www.caths.cz\/wordpress\/wp-json\/wp\/v2\/categories?post=2234"},{"taxonomy":"post_tag","embeddable":true,"href":"https:\/\/www.caths.cz\/wordpress\/wp-json\/wp\/v2\/tags?post=2234"}],"curies":[{"name":"wp","href":"https:\/\/api.w.org\/{rel}","templated":true}]}}