{"id":2233,"date":"2012-05-08T23:05:32","date_gmt":"2012-05-08T22:05:32","guid":{"rendered":"http:\/\/www.caths.cz\/wordpress\/?p=2233"},"modified":"2012-05-08T23:05:32","modified_gmt":"2012-05-08T22:05:32","slug":"memorialovy-zavod-handbiku-objektivem-jany-tomankove","status":"publish","type":"post","link":"https:\/\/www.caths.cz\/wordpress\/memorialovy-zavod-handbiku-objektivem-jany-tomankove\/","title":{"rendered":"Memori\u00e1lov\u00fd z\u00e1vod handbik\u016f objektivem Jany Tom\u00e1nkov\u00e9"},"content":{"rendered":"<p align=\"justify\">  Prohl\u00e9dn\u011bte si aktu\u00e1ln\u00ed fotografie ze sobotn\u00edho z\u00e1vodu v Po\u010deradech v r\u00e1mci druh\u00e9ho kola \u010cP handbik\u016f www.caths.cz 2012.<\/p>\n<p align=\"justify\"> Fotogalerii z\u00e1vodu naleznete<a href=\"http:\/\/cyc.rajce.idnes.cz\/CPH_Pocerady\/\" target=\"_blank\"> zde<\/a><\/p>\n<p> <img decoding=\"async\" src=\"\/wordpress\/image\/sekretarky\/IMG_7914.jpg\"> <\/p>\n","protected":false},"excerpt":{"rendered":"<a href=\"https:\/\/www.caths.cz\/wordpress\/memorialovy-zavod-handbiku-objektivem-jany-tomankove\/\"><img loading=\"lazy\" decoding=\"async\" width=\"100\" height=\"100\" src=\"https:\/\/www.caths.cz\/wordpress\/wp-content\/plugins\/thumbnail-for-excerpts\/tfe_no_thumb.png\" class=\"alignleft wp-post-image tfe\" alt=\"\" title=\"\" \/><\/a><p>Prohl\u00e9dn\u011bte si aktu\u00e1ln\u00ed fotografie ze sobotn\u00edho z\u00e1vodu v Po\u010deradech v r\u00e1mci druh\u00e9ho kola \u010cP handbik\u016f www.caths.cz 2012. Fotogalerii z\u00e1vodu naleznete zde<\/p>\n","protected":false},"author":1,"featured_media":0,"comment_status":"closed","ping_status":"closed","sticky":false,"template":"","format":"standard","meta":{"ngg_post_thumbnail":0,"footnotes":""},"categories":[8],"tags":[],"class_list":["post-2233","post","type-post","status-publish","format-standard","hentry","category-fotoreporty"],"_links":{"self":[{"href":"https:\/\/www.caths.cz\/wordpress\/wp-json\/wp\/v2\/posts\/2233","targetHints":{"allow":["GET"]}}],"collection":[{"href":"https:\/\/www.caths.cz\/wordpress\/wp-json\/wp\/v2\/posts"}],"about":[{"href":"https:\/\/www.caths.cz\/wordpress\/wp-json\/wp\/v2\/types\/post"}],"author":[{"embeddable":true,"href":"https:\/\/www.caths.cz\/wordpress\/wp-json\/wp\/v2\/users\/1"}],"replies":[{"embeddable":true,"href":"https:\/\/www.caths.cz\/wordpress\/wp-json\/wp\/v2\/comments?post=2233"}],"version-history":[{"count":0,"href":"https:\/\/www.caths.cz\/wordpress\/wp-json\/wp\/v2\/posts\/2233\/revisions"}],"wp:attachment":[{"href":"https:\/\/www.caths.cz\/wordpress\/wp-json\/wp\/v2\/media?parent=2233"}],"wp:term":[{"taxonomy":"category","embeddable":true,"href":"https:\/\/www.caths.cz\/wordpress\/wp-json\/wp\/v2\/categories?post=2233"},{"taxonomy":"post_tag","embeddable":true,"href":"https:\/\/www.caths.cz\/wordpress\/wp-json\/wp\/v2\/tags?post=2233"}],"curies":[{"name":"wp","href":"https:\/\/api.w.org\/{rel}","templated":true}]}}