{"id":2232,"date":"2012-05-07T22:09:47","date_gmt":"2012-05-07T21:09:47","guid":{"rendered":"http:\/\/www.caths.cz\/wordpress\/?p=2232"},"modified":"2012-05-07T22:09:47","modified_gmt":"2012-05-07T21:09:47","slug":"memorial-karla-raise-v-privetivem-pocasi-ale-bez-rekordu","status":"publish","type":"post","link":"https:\/\/www.caths.cz\/wordpress\/memorial-karla-raise-v-privetivem-pocasi-ale-bez-rekordu\/","title":{"rendered":"Memori\u00e1l Karla Raise v p\u0159\u00edv\u011btiv\u00e9m po\u010das\u00ed, ale bez rekord\u016f"},"content":{"rendered":"<p align=\"justify\">Popul\u00e1rn\u00ed Memori\u00e1l Karla Raise, kter\u00fd po\u0159\u00e1d\u00e1 skupina organiz\u00e1tor\u016f v \u010dele s  Radkem \u0160abatou a Katkou Krebsovou p\u0159il\u00e1kal o v\u00edkendu do Loun velmi po\u010detnou skupinu sportovc\u016f.\n<\/p>\n<p align=\"justify\">Nen\u00ed divu, v\u017edy\u0165 z\u00e1vod se jel jako dal\u0161\u00ed podnik \u010cesk\u00e9ho poh\u00e1ru handbike za \u00fa\u010dasti na\u0161\u00ed kompletn\u00ed handbikov\u00e9 \u0161pi\u010dky. <\/p>\n<p> <em>\u201eZ\u00e1vody byly super! Po\u010das\u00ed vydr\u017eelo a\u017e do konce a lejt za\u010dalo a\u017e po vyhla\u0161ov\u00e1n\u00ed. Jen rekordy trat\u00ed n\u00e1m nikdo letos nep\u0159ekonal\u201c<\/em> okomentovala zda\u0159il\u00fd z\u00e1vod mana\u017eerka t\u00fdmu Handbike \u010cR, Katka Krebsov\u00e1. <\/p>\n<p> Celkov\u00e9 v\u00fdsledky <a href=\"http:\/\/www.caths.cz\/storage\/sekretarky\/memorial-karla-raise-2012-hendikepovani.xls\" target=\"_blank\"> zde<\/a> <\/p>\n","protected":false},"excerpt":{"rendered":"<a href=\"https:\/\/www.caths.cz\/wordpress\/memorial-karla-raise-v-privetivem-pocasi-ale-bez-rekordu\/\"><img loading=\"lazy\" decoding=\"async\" width=\"100\" height=\"100\" src=\"https:\/\/www.caths.cz\/wordpress\/wp-content\/plugins\/thumbnail-for-excerpts\/tfe_no_thumb.png\" class=\"alignleft wp-post-image tfe\" alt=\"\" title=\"\" \/><\/a><p>Popul\u00e1rn\u00ed Memori\u00e1l Karla Raise, kter\u00fd po\u0159\u00e1d\u00e1 skupina organiz\u00e1tor\u016f v \u010dele s Radkem \u0160abatou a Katkou Krebsovou p\u0159il\u00e1kal o v\u00edkendu do Loun velmi po\u010detnou skupinu sportovc\u016f. Nen\u00ed divu, v\u017edy\u0165 z\u00e1vod se [&hellip;]<\/p>\n","protected":false},"author":1,"featured_media":0,"comment_status":"closed","ping_status":"closed","sticky":false,"template":"","format":"standard","meta":{"ngg_post_thumbnail":0,"footnotes":""},"categories":[9],"tags":[],"class_list":["post-2232","post","type-post","status-publish","format-standard","hentry","category-handbike"],"_links":{"self":[{"href":"https:\/\/www.caths.cz\/wordpress\/wp-json\/wp\/v2\/posts\/2232","targetHints":{"allow":["GET"]}}],"collection":[{"href":"https:\/\/www.caths.cz\/wordpress\/wp-json\/wp\/v2\/posts"}],"about":[{"href":"https:\/\/www.caths.cz\/wordpress\/wp-json\/wp\/v2\/types\/post"}],"author":[{"embeddable":true,"href":"https:\/\/www.caths.cz\/wordpress\/wp-json\/wp\/v2\/users\/1"}],"replies":[{"embeddable":true,"href":"https:\/\/www.caths.cz\/wordpress\/wp-json\/wp\/v2\/comments?post=2232"}],"version-history":[{"count":0,"href":"https:\/\/www.caths.cz\/wordpress\/wp-json\/wp\/v2\/posts\/2232\/revisions"}],"wp:attachment":[{"href":"https:\/\/www.caths.cz\/wordpress\/wp-json\/wp\/v2\/media?parent=2232"}],"wp:term":[{"taxonomy":"category","embeddable":true,"href":"https:\/\/www.caths.cz\/wordpress\/wp-json\/wp\/v2\/categories?post=2232"},{"taxonomy":"post_tag","embeddable":true,"href":"https:\/\/www.caths.cz\/wordpress\/wp-json\/wp\/v2\/tags?post=2232"}],"curies":[{"name":"wp","href":"https:\/\/api.w.org\/{rel}","templated":true}]}}