{"id":2231,"date":"2012-05-06T18:44:39","date_gmt":"2012-05-06T17:44:39","guid":{"rendered":"http:\/\/www.caths.cz\/wordpress\/?p=2231"},"modified":"2012-05-06T18:44:39","modified_gmt":"2012-05-06T17:44:39","slug":"evropsky-pohar-cyklistu-na-slovensku-a-dve-vitezstvi-tomase-kajnara","status":"publish","type":"post","link":"https:\/\/www.caths.cz\/wordpress\/evropsky-pohar-cyklistu-na-slovensku-a-dve-vitezstvi-tomase-kajnara\/","title":{"rendered":"Evropsk\u00fd poh\u00e1r cyklist\u016f na Slovensku a dv\u011b v\u00edt\u011bzstv\u00ed Tom\u00e1\u0161e Kajnara"},"content":{"rendered":"<p align=\"justify\">Tom\u00e1\u0161 Kajnar (NUTREND Specialized Cycling), nov\u00e1 tv\u00e1\u0159 na\u0161eho cyklistick\u00e9ho reprezenta\u010dn\u00edho t\u00fdmu t\u011blesn\u011b a zrakov\u011b handicapovan\u00fdch cyklist\u016f zv\u00edt\u011bzil v obou z\u00e1vodech \u00favodn\u00edho Evropsk\u00e9ho poh\u00e1ru cyklist\u016f na Slovensku.<br \/>\nSvou celkovou p\u0159evahu nav\u00edc potvrdil nejlep\u0161\u00edm \u010dasem dne v ned\u011bln\u00ed \u010dasovce.<\/p>\n<p align=\"justify\">Kvalitn\u00ed v\u00fdkon p\u0159edvedl i Tom\u00e1\u0161 Kvasni\u010dka (MKV Sport), kter\u00fd si ze slovensk\u00e9 Vr\u00e1tn\u00e9 odv\u00e1\u017e\u00ed prvn\u00ed a t\u0159et\u00ed m\u00edsto. Michal Stark (Dukla Praha) dok\u00e1zal vybojovat bronzovou medaili v silni\u010dn\u00edm z\u00e1vod\u011b a st\u0159\u00edbro v ned\u011bln\u00ed \u010dasovce, kde nesta\u010dil pouze na mladi\u010dk\u00e9ho Iva Koblasu (Spastic Handicap). <\/p>\n<p> Slibn\u00fd v\u00fdkon p\u0159edvedl v \u00favodu sez\u00f3ny i n\u00e1\u0161 tandem, Chyba \u2013 Moflar (NUTREND Specialized Cycling), kter\u00fd si ze Slovenska odv\u00e1\u017e\u00ed dv\u011b t\u0159et\u00ed m\u00edsta. <\/p>\n<p> V\u00fdsledky ned\u011bln\u00ed \u010dasovky <a href=\"http:\/\/www.caths.cz\/storage\/sekretarky\/vysledky vratna.pdf\" target=\"_blank\"> zde<\/a><\/p>\n<p> <img decoding=\"async\" src=\"\/wordpress\/image\/sekretarky\/cyklistika\/vratna\/001.JPG\"> <\/p>\n<p> <img decoding=\"async\" src=\"\/wordpress\/image\/sekretarky\/cyklistika\/vratna\/002.JPG\"> <\/p>\n<p> <img decoding=\"async\" src=\"\/wordpress\/image\/sekretarky\/cyklistika\/vratna\/003.JPG\"> <\/p>\n<p> <img decoding=\"async\" src=\"\/wordpress\/image\/sekretarky\/cyklistika\/vratna\/004.jpg\"> <\/p>\n","protected":false},"excerpt":{"rendered":"<a href=\"https:\/\/www.caths.cz\/wordpress\/evropsky-pohar-cyklistu-na-slovensku-a-dve-vitezstvi-tomase-kajnara\/\"><img loading=\"lazy\" decoding=\"async\" width=\"100\" height=\"100\" src=\"https:\/\/www.caths.cz\/wordpress\/wp-content\/plugins\/thumbnail-for-excerpts\/tfe_no_thumb.png\" class=\"alignleft wp-post-image tfe\" alt=\"\" title=\"\" \/><\/a><p>Tom\u00e1\u0161 Kajnar (NUTREND Specialized Cycling), nov\u00e1 tv\u00e1\u0159 na\u0161eho cyklistick\u00e9ho reprezenta\u010dn\u00edho t\u00fdmu t\u011blesn\u011b a zrakov\u011b handicapovan\u00fdch cyklist\u016f zv\u00edt\u011bzil v obou z\u00e1vodech \u00favodn\u00edho Evropsk\u00e9ho poh\u00e1ru cyklist\u016f na Slovensku. Svou celkovou p\u0159evahu nav\u00edc [&hellip;]<\/p>\n","protected":false},"author":1,"featured_media":0,"comment_status":"closed","ping_status":"closed","sticky":false,"template":"","format":"standard","meta":{"ngg_post_thumbnail":0,"footnotes":""},"categories":[2],"tags":[],"class_list":["post-2231","post","type-post","status-publish","format-standard","hentry","category-cyklistika"],"_links":{"self":[{"href":"https:\/\/www.caths.cz\/wordpress\/wp-json\/wp\/v2\/posts\/2231","targetHints":{"allow":["GET"]}}],"collection":[{"href":"https:\/\/www.caths.cz\/wordpress\/wp-json\/wp\/v2\/posts"}],"about":[{"href":"https:\/\/www.caths.cz\/wordpress\/wp-json\/wp\/v2\/types\/post"}],"author":[{"embeddable":true,"href":"https:\/\/www.caths.cz\/wordpress\/wp-json\/wp\/v2\/users\/1"}],"replies":[{"embeddable":true,"href":"https:\/\/www.caths.cz\/wordpress\/wp-json\/wp\/v2\/comments?post=2231"}],"version-history":[{"count":0,"href":"https:\/\/www.caths.cz\/wordpress\/wp-json\/wp\/v2\/posts\/2231\/revisions"}],"wp:attachment":[{"href":"https:\/\/www.caths.cz\/wordpress\/wp-json\/wp\/v2\/media?parent=2231"}],"wp:term":[{"taxonomy":"category","embeddable":true,"href":"https:\/\/www.caths.cz\/wordpress\/wp-json\/wp\/v2\/categories?post=2231"},{"taxonomy":"post_tag","embeddable":true,"href":"https:\/\/www.caths.cz\/wordpress\/wp-json\/wp\/v2\/tags?post=2231"}],"curies":[{"name":"wp","href":"https:\/\/api.w.org\/{rel}","templated":true}]}}