{"id":2230,"date":"2012-05-05T15:02:42","date_gmt":"2012-05-05T14:02:42","guid":{"rendered":"http:\/\/www.caths.cz\/wordpress\/?p=2230"},"modified":"2012-05-05T15:02:42","modified_gmt":"2012-05-05T14:02:42","slug":"strelecky-memorial-miloslava-johna-vyhral-vladimir-marcan","status":"publish","type":"post","link":"https:\/\/www.caths.cz\/wordpress\/strelecky-memorial-miloslava-johna-vyhral-vladimir-marcan\/","title":{"rendered":"St\u0159eleck\u00fd Memori\u00e1l Miloslava Johna vyhr\u00e1l Vladim\u00edr Mar\u010dan"},"content":{"rendered":"<p align=\"justify\">   V sobotu 28.4.2012 se na olomouck\u00e9 lazeck\u00e9 st\u0159elnici se\u0161lo 45 st\u0159elc\u016f z Brna, B\u0159ezolup, Horn\u00edho Bene\u0161ova, Ku\u0159imi, Olomouce, Slavkova, \u0160umvaldu, Uni\u010dova a Zl\u00edna,  aby svou \u00fa\u010dast\u00ed na Memori\u00e1lu ing. Miloslava Johna uctili pam\u00e1tku sv\u00e9ho kamar\u00e1da, soupe\u0159e, ale i kolegy z SSK El\u00e1n Olomouc, kter\u00fd koncem lo\u0148sk\u00e9ho roku zem\u0159el na n\u00e1sledky tragick\u00e9 a nenad\u00e1l\u00e9 nehody.\n<\/p>\n<p align=\"justify\"> Olomou\u010dt\u00ed po\u0159adatel\u00e9 pod veden\u00edm Vl. Mar\u010dana ji\u017e tradi\u010dn\u011b konaj\u00ed st\u0159eleck\u00e9 sout\u011b\u017ee pro \u0159adu kategori\u00ed, kde vedle sebe sout\u011b\u017e\u00ed dorostenci mlad\u0161\u00ed i star\u0161\u00ed (17), \u017eeny a juniorky (5) ve VzpI 40, mu\u017ei a junio\u0159i (15) a samoz\u0159ejm\u011b i t\u011blesn\u011b posti\u017een\u00ed kategorie SH1 (8) ve VzPi60.<br \/> V kategorii SH1 sout\u011b\u017eila \u0159ada TP st\u0159elc\u016f, kte\u0159\u00ed se sportovn\u00ed st\u0159elbou za\u010dali teprve ned\u00e1vno, ale je pot\u011b\u0161iteln\u00e9, \u017ee jejich v\u00fdkony jdou zvolna nahoru. Oba z\u00fa\u010dastn\u011bn\u00ed reprezentanti Mar\u010dan\/Gronsk\u00fd se ale op\u011bt tradi\u010dn\u011b utkali o prv\u00e1 dv\u011b m\u00edsta a bohu\u017eel op\u011bt v SH1 chyb\u011bli brn\u011bn\u0161t\u00ed TP st\u0159elci \u2013 viz v\u00fdsledkov\u00e1 listina. <\/p>\n<p> V\u00fdsledky memori\u00e1lu naleznete <a href=\"http:\/\/www.caths.cz\/storage\/strelba\/Vysledky Memorial M.Johna.pdf\" target=\"_blank\"> zde<\/a><\/p>\n<p> <img decoding=\"async\" src=\"\/wordpress\/image\/sekretarky\/strelba\/memorial\/001.jpg\"> <\/p>\n<p> Mar\u010dan registrace sout\u011b\u017e\u00edc\u00edch<\/p>\n<p> <img decoding=\"async\" src=\"\/wordpress\/image\/sekretarky\/strelba\/memorial\/002.jpg\"> <\/p>\n<p> Voz\u00ed\u010dk\u00e1\u0159i P1<\/p>\n<p> <img decoding=\"async\" src=\"\/wordpress\/image\/sekretarky\/strelba\/memorial\/003.jpg\"> <\/p>\n<p> Voz\u00ed\u010dk\u00e1\u0159i i stoj\u00edc\u00ed P1<\/p>\n<p> <img decoding=\"async\" src=\"\/wordpress\/image\/sekretarky\/strelba\/memorial\/004.jpg\"> <\/p>\n<p> Mu\u017ei P1<\/p>\n<p> <img decoding=\"async\" src=\"\/wordpress\/image\/sekretarky\/strelba\/memorial\/005.jpg\"> <\/p>\n<p> \u017eeny a junio\u0159i P1<\/p>\n<p> <img decoding=\"async\" src=\"\/wordpress\/image\/sekretarky\/strelba\/memorial\/006.jpg\"> <\/p>\n<p> kontrola ter\u010d\u016f<\/p>\n<p> <img decoding=\"async\" src=\"\/wordpress\/image\/sekretarky\/strelba\/memorial\/007.jpg\"> <\/p>\n<p> sbor rozhod\u010d\u00edch<\/p>\n<p> <img decoding=\"async\" src=\"\/wordpress\/image\/sekretarky\/strelba\/memorial\/008.jpg\"> <\/p>\n<p> z\u00e1pis na infotabuli<\/p>\n<p> <img decoding=\"async\" src=\"\/wordpress\/image\/sekretarky\/strelba\/memorial\/009.jpg\"> <\/p>\n<p> brat\u0159i Johnov\u00e9<\/p>\n<p> <img decoding=\"async\" src=\"\/wordpress\/image\/sekretarky\/strelba\/memorial\/010.jpg\"> <\/p>\n<p> poh\u00e1ry pro nejlep\u0161\u00ed<\/p>\n<p> <img decoding=\"async\" src=\"\/wordpress\/image\/sekretarky\/strelba\/memorial\/011.jpg\"> <\/p>\n<p> nejlep\u0161\u00ed SH1 <\/p>\n","protected":false},"excerpt":{"rendered":"<a href=\"https:\/\/www.caths.cz\/wordpress\/strelecky-memorial-miloslava-johna-vyhral-vladimir-marcan\/\"><img loading=\"lazy\" decoding=\"async\" width=\"100\" height=\"100\" src=\"https:\/\/www.caths.cz\/wordpress\/wp-content\/plugins\/thumbnail-for-excerpts\/tfe_no_thumb.png\" class=\"alignleft wp-post-image tfe\" alt=\"\" title=\"\" \/><\/a><p>V sobotu 28.4.2012 se na olomouck\u00e9 lazeck\u00e9 st\u0159elnici se\u0161lo 45 st\u0159elc\u016f z Brna, B\u0159ezolup, Horn\u00edho Bene\u0161ova, Ku\u0159imi, Olomouce, Slavkova, \u0160umvaldu, Uni\u010dova a Zl\u00edna, aby svou \u00fa\u010dast\u00ed na Memori\u00e1lu ing. Miloslava [&hellip;]<\/p>\n","protected":false},"author":1,"featured_media":0,"comment_status":"closed","ping_status":"closed","sticky":false,"template":"","format":"standard","meta":{"ngg_post_thumbnail":0,"footnotes":""},"categories":[18],"tags":[],"class_list":["post-2230","post","type-post","status-publish","format-standard","hentry","category-strelba"],"_links":{"self":[{"href":"https:\/\/www.caths.cz\/wordpress\/wp-json\/wp\/v2\/posts\/2230","targetHints":{"allow":["GET"]}}],"collection":[{"href":"https:\/\/www.caths.cz\/wordpress\/wp-json\/wp\/v2\/posts"}],"about":[{"href":"https:\/\/www.caths.cz\/wordpress\/wp-json\/wp\/v2\/types\/post"}],"author":[{"embeddable":true,"href":"https:\/\/www.caths.cz\/wordpress\/wp-json\/wp\/v2\/users\/1"}],"replies":[{"embeddable":true,"href":"https:\/\/www.caths.cz\/wordpress\/wp-json\/wp\/v2\/comments?post=2230"}],"version-history":[{"count":0,"href":"https:\/\/www.caths.cz\/wordpress\/wp-json\/wp\/v2\/posts\/2230\/revisions"}],"wp:attachment":[{"href":"https:\/\/www.caths.cz\/wordpress\/wp-json\/wp\/v2\/media?parent=2230"}],"wp:term":[{"taxonomy":"category","embeddable":true,"href":"https:\/\/www.caths.cz\/wordpress\/wp-json\/wp\/v2\/categories?post=2230"},{"taxonomy":"post_tag","embeddable":true,"href":"https:\/\/www.caths.cz\/wordpress\/wp-json\/wp\/v2\/tags?post=2230"}],"curies":[{"name":"wp","href":"https:\/\/api.w.org\/{rel}","templated":true}]}}