{"id":2229,"date":"2012-05-03T22:59:27","date_gmt":"2012-05-03T21:59:27","guid":{"rendered":"http:\/\/www.caths.cz\/wordpress\/?p=2229"},"modified":"2012-05-03T22:59:27","modified_gmt":"2012-05-03T21:59:27","slug":"otevrene-mcr-v-curlingu-vozickaru","status":"publish","type":"post","link":"https:\/\/www.caths.cz\/wordpress\/otevrene-mcr-v-curlingu-vozickaru\/","title":{"rendered":"Otev\u0159en\u00e9 M\u010cR v curlingu voz\u00ed\u010dk\u00e1\u0159\u016f"},"content":{"rendered":"<p>Uplynul\u00fd v\u00edkend prob\u00edhalo v Praze Roztylech Mistrovstv\u00ed republiky v curlingu. O pr\u016fb\u011bhu boj\u016f mu\u017estva klubu Nov\u00e9 M\u011bsto nad Metuj\u00ed se do\u010dtete ve zpr\u00e1v\u011b Radka Pokorn\u00e9ho.<br \/>\nSobotn\u00ed z\u00e1pasy n\u00e1m p\u0159id\u011blily za soupe\u0159e Polsko. N\u00e1\u0161 i t\u00fdm soupe\u0159e hr\u00e1l v ne\u00fapln\u00e9 sestav\u011b, bez jednoho hr\u00e1\u010de omluven\u00e9ho ze zdravotn\u00edch d\u016fvod\u016f. Hra byla vyrovnan\u00e1. Na\u0161emu t\u00fdmu utekl za\u010d\u00e1tek z\u00e1pasu, kde se n\u00e1m nepovedlo n\u011bkolik kamen\u016f, a soupe\u0159 vyu\u017eil p\u0159\u00edle\u017eitost a \u0161el do veden\u00ed. V \u0161est\u00e9m endu bodujeme t\u0159emi kameny a sni\u017eujeme na rozd\u00edl dvou kamen\u016f. V sedm\u00e9m endu kon\u010d\u00ed \u010dasov\u00fd limit na hru a jedin\u00e1 \u0161ance na prodlou\u017een\u00ed z\u00e1pasu je uhr\u00e1t dva kameny. Po odhozen\u00ed posledn\u00edho na\u0161eho kamene m\u00e1me v kruh\u00e1ch dva lep\u0161\u00ed kameny a mus\u00edme \u010dekat, jestli polsk\u00fd skip vyraz\u00ed n\u00e1\u0161 k\u00e1men. Je to o kousek, ale n\u00e1\u0161 k\u00e1men jde ven z kruh\u016f i z kamenem polsk\u00fdm a uhran\u00fd k\u00e1men jen sni\u017euje v\u00fdsledek na 6:5. Pol\u00e1ci postupuj\u00ed do fin\u00e1le, my budeme hr\u00e1t s t\u00fdmem N\u011bmecka o t\u0159et\u00ed m\u00edsto. <br \/> Z\u00e1pas o t\u0159et\u00ed m\u00edsto je hodn\u011b vyrovnan\u00fd a n\u00e1\u0161 v\u00fdkon je o n\u011bco lep\u0161\u00ed, ne\u017e v dopoledn\u00edm z\u00e1pase. Po sedmi endech je stav vyrovnan\u00fd a m\u00e1me v\u00fdhodu posledn\u00edho kamene, kterou vyu\u017e\u00edv\u00e1me a posledn\u00edm hodem zaj\u00ed\u017ed\u00edme na lep\u0161\u00ed pozici v kruh\u00e1ch a 5.4 v\u00edt\u011bz\u00edme. <br \/> Jako loni kon\u010d\u00edme na 3 m\u00edst\u011b. V\u00edt\u011bzem a Mistrem \u010cR se st\u00e1v\u00e1 mu\u017estvo SC Jedli\u010dkova \u00fastavu A p\u0159ed druh\u00fdm Polskem. <\/p>\n<p> Radek Pokorn\u00fd. <\/p>\n<p> V\u00fdsledky M\u010cR naleznete <a href=\"http:\/\/www.caths.cz\/storage\/curling\/MCR 2012\/Vysledky_MCR2012_CU.pdf\" target=\"_blank\"> zde<\/a><\/p>\n<p> <img decoding=\"async\" src=\"\/wordpress\/image\/sekretarky\/curling\/MCR 2012\/001.jpg\"> <\/p>\n<p> <img decoding=\"async\" src=\"\/wordpress\/image\/sekretarky\/curling\/MCR 2012\/002.jpg\"> <\/p>\n<p> <img decoding=\"async\" src=\"\/wordpress\/image\/sekretarky\/curling\/MCR 2012\/003.jpg\"> <\/p>\n","protected":false},"excerpt":{"rendered":"<a href=\"https:\/\/www.caths.cz\/wordpress\/otevrene-mcr-v-curlingu-vozickaru\/\"><img loading=\"lazy\" decoding=\"async\" width=\"100\" height=\"100\" src=\"https:\/\/www.caths.cz\/wordpress\/wp-content\/plugins\/thumbnail-for-excerpts\/tfe_no_thumb.png\" class=\"alignleft wp-post-image tfe\" alt=\"\" title=\"\" \/><\/a><p>Uplynul\u00fd v\u00edkend prob\u00edhalo v Praze Roztylech Mistrovstv\u00ed republiky v curlingu. O pr\u016fb\u011bhu boj\u016f mu\u017estva klubu Nov\u00e9 M\u011bsto nad Metuj\u00ed se do\u010dtete ve zpr\u00e1v\u011b Radka Pokorn\u00e9ho. Sobotn\u00ed z\u00e1pasy n\u00e1m p\u0159id\u011blily za [&hellip;]<\/p>\n","protected":false},"author":1,"featured_media":0,"comment_status":"closed","ping_status":"closed","sticky":false,"template":"","format":"standard","meta":{"ngg_post_thumbnail":0,"footnotes":""},"categories":[7],"tags":[],"class_list":["post-2229","post","type-post","status-publish","format-standard","hentry","category-curling"],"_links":{"self":[{"href":"https:\/\/www.caths.cz\/wordpress\/wp-json\/wp\/v2\/posts\/2229","targetHints":{"allow":["GET"]}}],"collection":[{"href":"https:\/\/www.caths.cz\/wordpress\/wp-json\/wp\/v2\/posts"}],"about":[{"href":"https:\/\/www.caths.cz\/wordpress\/wp-json\/wp\/v2\/types\/post"}],"author":[{"embeddable":true,"href":"https:\/\/www.caths.cz\/wordpress\/wp-json\/wp\/v2\/users\/1"}],"replies":[{"embeddable":true,"href":"https:\/\/www.caths.cz\/wordpress\/wp-json\/wp\/v2\/comments?post=2229"}],"version-history":[{"count":0,"href":"https:\/\/www.caths.cz\/wordpress\/wp-json\/wp\/v2\/posts\/2229\/revisions"}],"wp:attachment":[{"href":"https:\/\/www.caths.cz\/wordpress\/wp-json\/wp\/v2\/media?parent=2229"}],"wp:term":[{"taxonomy":"category","embeddable":true,"href":"https:\/\/www.caths.cz\/wordpress\/wp-json\/wp\/v2\/categories?post=2229"},{"taxonomy":"post_tag","embeddable":true,"href":"https:\/\/www.caths.cz\/wordpress\/wp-json\/wp\/v2\/tags?post=2229"}],"curies":[{"name":"wp","href":"https:\/\/api.w.org\/{rel}","templated":true}]}}