{"id":2228,"date":"2012-05-02T00:28:02","date_gmt":"2012-05-01T23:28:02","guid":{"rendered":"http:\/\/www.caths.cz\/wordpress\/?p=2228"},"modified":"2012-05-02T00:28:02","modified_gmt":"2012-05-01T23:28:02","slug":"ceske-atlety-ceka-v-zahrebu-generalka-pred-mistrovstvim-evropy","status":"publish","type":"post","link":"https:\/\/www.caths.cz\/wordpress\/ceske-atlety-ceka-v-zahrebu-generalka-pred-mistrovstvim-evropy\/","title":{"rendered":"\u010cesk\u00e9 atlety \u010dek\u00e1 v Z\u00e1h\u0159ebu gener\u00e1lka p\u0159ed Mistrovstv\u00edm Evropy."},"content":{"rendered":"<p align=\"justify\">   Ve \u010dtvrtek odj\u00ed\u017ed\u00ed atleti do chorvatsk\u00e9ho Z\u00e1h\u0159ebu na mezin\u00e1rodn\u00ed atletick\u00fd m\u00edtink, kter\u00fd bude prov\u011brkou p\u0159ed \u010dervnov\u00fdm Evropsk\u00fdm \u0161ampion\u00e1tem.<\/p>\n<p align=\"justify\"> V pr\u016fb\u011bhu t\u0159ech dn\u016f prob\u011bhnou discipl\u00edny v\u0161ech kategori\u00ed \u2013 t\u011blesn\u011b, spasticky, zrakov\u011b i ment\u00e1ln\u011b posti\u017een\u00fdch sportovc\u016f. Vzhledem k tomu, \u017ee tyto z\u00e1vody jsou sankcionov\u00e1ny IPC, mohou zde atleti plnit d\u016fle\u017eit\u00e9 MQS limity pro paralympijsk\u00e9 hry v Lond\u00fdn\u011b. <\/p>\n<p> O tot\u00e9\u017e se budou pokou\u0161et i \u010de\u0161t\u00ed atleti. Po v\u00edce ne\u017e roce se do vrha\u010dsk\u00e9ho kruhu postav\u00ed i Jaroslav Petrou\u0161, je\u017e se na konci minul\u00e9ho roku podrobil n\u00e1ro\u010dn\u00e9 operaci, p\u0159i n\u00ed\u017e mu byla amputov\u00e1na lev\u00e1 noha. Jarda je v pln\u00e9m tr\u00e9ninku a nevzd\u00e1v\u00e1 \u0161anci kvalifikovat se na paralympi\u00e1du.<\/p>\n<p> Po t\u011bchto mezin\u00e1rodn\u00edch z\u00e1vodech za\u010d\u00edn\u00e1 v \u010cech\u00e1ch seri\u00e1l \u010cesk\u00e9ho poh\u00e1ru v atletice 2012. Prvn\u00ed kolo se uskute\u010dn\u00ed ji\u017e 8.5. v Pardubic\u00edch a je p\u0159edpoklad, \u017ee se na n\u011bm sejde cel\u00e1 \u010desk\u00e1 atletick\u00e1 \u0161pi\u010dka. <\/p>\n","protected":false},"excerpt":{"rendered":"<a href=\"https:\/\/www.caths.cz\/wordpress\/ceske-atlety-ceka-v-zahrebu-generalka-pred-mistrovstvim-evropy\/\"><img loading=\"lazy\" decoding=\"async\" width=\"100\" height=\"100\" src=\"https:\/\/www.caths.cz\/wordpress\/wp-content\/plugins\/thumbnail-for-excerpts\/tfe_no_thumb.png\" class=\"alignleft wp-post-image tfe\" alt=\"\" title=\"\" \/><\/a><p>Ve \u010dtvrtek odj\u00ed\u017ed\u00ed atleti do chorvatsk\u00e9ho Z\u00e1h\u0159ebu na mezin\u00e1rodn\u00ed atletick\u00fd m\u00edtink, kter\u00fd bude prov\u011brkou p\u0159ed \u010dervnov\u00fdm Evropsk\u00fdm \u0161ampion\u00e1tem. V pr\u016fb\u011bhu t\u0159ech dn\u016f prob\u011bhnou discipl\u00edny v\u0161ech kategori\u00ed \u2013 t\u011blesn\u011b, spasticky, zrakov\u011b [&hellip;]<\/p>\n","protected":false},"author":1,"featured_media":0,"comment_status":"closed","ping_status":"closed","sticky":false,"template":"","format":"standard","meta":{"ngg_post_thumbnail":0,"footnotes":""},"categories":[5],"tags":[],"class_list":["post-2228","post","type-post","status-publish","format-standard","hentry","category-atletika"],"_links":{"self":[{"href":"https:\/\/www.caths.cz\/wordpress\/wp-json\/wp\/v2\/posts\/2228","targetHints":{"allow":["GET"]}}],"collection":[{"href":"https:\/\/www.caths.cz\/wordpress\/wp-json\/wp\/v2\/posts"}],"about":[{"href":"https:\/\/www.caths.cz\/wordpress\/wp-json\/wp\/v2\/types\/post"}],"author":[{"embeddable":true,"href":"https:\/\/www.caths.cz\/wordpress\/wp-json\/wp\/v2\/users\/1"}],"replies":[{"embeddable":true,"href":"https:\/\/www.caths.cz\/wordpress\/wp-json\/wp\/v2\/comments?post=2228"}],"version-history":[{"count":0,"href":"https:\/\/www.caths.cz\/wordpress\/wp-json\/wp\/v2\/posts\/2228\/revisions"}],"wp:attachment":[{"href":"https:\/\/www.caths.cz\/wordpress\/wp-json\/wp\/v2\/media?parent=2228"}],"wp:term":[{"taxonomy":"category","embeddable":true,"href":"https:\/\/www.caths.cz\/wordpress\/wp-json\/wp\/v2\/categories?post=2228"},{"taxonomy":"post_tag","embeddable":true,"href":"https:\/\/www.caths.cz\/wordpress\/wp-json\/wp\/v2\/tags?post=2228"}],"curies":[{"name":"wp","href":"https:\/\/api.w.org\/{rel}","templated":true}]}}