{"id":2226,"date":"2012-04-25T23:25:39","date_gmt":"2012-04-25T22:25:39","guid":{"rendered":"http:\/\/www.caths.cz\/wordpress\/?p=2226"},"modified":"2012-04-25T23:25:39","modified_gmt":"2012-04-25T22:25:39","slug":"evropske-hry-mladeze-2012-po-treti-v-brne","status":"publish","type":"post","link":"https:\/\/www.caths.cz\/wordpress\/evropske-hry-mladeze-2012-po-treti-v-brne\/","title":{"rendered":"Evropsk\u00e9 hry ml\u00e1de\u017ee 2012 po t\u0159et\u00ed v Brn\u011b"},"content":{"rendered":"<p>Pod patronac\u00ed Evropsk\u00e9ho paralympijsk\u00e9ho v\u00fdboru se v \u010dervnu uskute\u010dn\u00ed dal\u0161\u00ed ro\u010dn\u00edk Evropsk\u00fdch her ml\u00e1de\u017ee. Tuto ojedin\u011blou akci pro handicapovanou sportovn\u00ed ml\u00e1de\u017e host\u00ed op\u011bt moravsk\u00e1 metropole Brno.Ve \u010dty\u0159ech \u010dervnov\u00fdch dnech prob\u011bhnou sportovn\u00ed sout\u011b\u017ee v osmi sportech &#8211; aletice, basketbalu, boccii, stoln\u00edm tenise, tenise, cyklistice, plav\u00e1n\u00ed a goalbalu. Z\u00fa\u010dastnit se mohou sportovci do 20 let a hry jsou vyps\u00e1ny pro n\u00e1sleduj\u00edc\u00ed posti\u017een\u00ed &#8211; t\u011blesn\u00e9, spastick\u00e9, zrakov\u00e9 a ment\u00e1ln\u00ed.<br \/> Evropsk\u00fd paralympijsk\u00fd v\u00fdbor hrad\u00ed pro v\u0161ecjny \u00fa\u010dastn\u00edky startovn\u00e9 i ubytov\u00e1n\u00ed.<br \/> P\u0159ihl\u00e1\u0161ky zas\u00edlejte na p\u0159ilo\u017een\u00e9m formul\u00e1\u0159i na sekretari\u00e1t \u010cATHS do 2.5.2012.<\/p>\n<p> Propozice naleznete <a href=\"http:\/\/www.caths.cz\/storage\/sekretarky\/EHM\/EPC_EuropeanYouthGames_BrnoCZ_2012_Invitation.pdf\" target=\"_blank\"> zde<\/a> a <a href=\"http:\/\/www.caths.cz\/storage\/sekretarky\/EHM\/2120410_Evropsk\u00e9 hry ml\u00e1de\u017ee 2012_obecn\u00e9 info.docx\" target=\"_blank\"> zde<\/a> <\/p>\n<p> Formul\u00e1\u0159 p\u0159ihl\u00e1\u0161ky <a href=\"http:\/\/www.caths.cz\/storage\/sekretarky\/EHM\/EPC_EuropeanYouthGames_BrnoCZ_2012_First_Entry_Form.pdf\" target=\"_blank\"> zde<\/a><\/p>\n","protected":false},"excerpt":{"rendered":"<a href=\"https:\/\/www.caths.cz\/wordpress\/evropske-hry-mladeze-2012-po-treti-v-brne\/\"><img loading=\"lazy\" decoding=\"async\" width=\"100\" height=\"100\" src=\"https:\/\/www.caths.cz\/wordpress\/wp-content\/plugins\/thumbnail-for-excerpts\/tfe_no_thumb.png\" class=\"alignleft wp-post-image tfe\" alt=\"\" title=\"\" \/><\/a><p>Pod patronac\u00ed Evropsk\u00e9ho paralympijsk\u00e9ho v\u00fdboru se v \u010dervnu uskute\u010dn\u00ed dal\u0161\u00ed ro\u010dn\u00edk Evropsk\u00fdch her ml\u00e1de\u017ee. Tuto ojedin\u011blou akci pro handicapovanou sportovn\u00ed ml\u00e1de\u017e host\u00ed op\u011bt moravsk\u00e1 metropole Brno.Ve \u010dty\u0159ech \u010dervnov\u00fdch dnech prob\u011bhnou [&hellip;]<\/p>\n","protected":false},"author":1,"featured_media":0,"comment_status":"closed","ping_status":"closed","sticky":false,"template":"","format":"standard","meta":{"ngg_post_thumbnail":0,"footnotes":""},"categories":[6],"tags":[],"class_list":["post-2226","post","type-post","status-publish","format-standard","hentry","category-caths-info"],"_links":{"self":[{"href":"https:\/\/www.caths.cz\/wordpress\/wp-json\/wp\/v2\/posts\/2226","targetHints":{"allow":["GET"]}}],"collection":[{"href":"https:\/\/www.caths.cz\/wordpress\/wp-json\/wp\/v2\/posts"}],"about":[{"href":"https:\/\/www.caths.cz\/wordpress\/wp-json\/wp\/v2\/types\/post"}],"author":[{"embeddable":true,"href":"https:\/\/www.caths.cz\/wordpress\/wp-json\/wp\/v2\/users\/1"}],"replies":[{"embeddable":true,"href":"https:\/\/www.caths.cz\/wordpress\/wp-json\/wp\/v2\/comments?post=2226"}],"version-history":[{"count":0,"href":"https:\/\/www.caths.cz\/wordpress\/wp-json\/wp\/v2\/posts\/2226\/revisions"}],"wp:attachment":[{"href":"https:\/\/www.caths.cz\/wordpress\/wp-json\/wp\/v2\/media?parent=2226"}],"wp:term":[{"taxonomy":"category","embeddable":true,"href":"https:\/\/www.caths.cz\/wordpress\/wp-json\/wp\/v2\/categories?post=2226"},{"taxonomy":"post_tag","embeddable":true,"href":"https:\/\/www.caths.cz\/wordpress\/wp-json\/wp\/v2\/tags?post=2226"}],"curies":[{"name":"wp","href":"https:\/\/api.w.org\/{rel}","templated":true}]}}