{"id":2224,"date":"2012-04-23T19:03:35","date_gmt":"2012-04-23T18:03:35","guid":{"rendered":"http:\/\/www.caths.cz\/wordpress\/?p=2224"},"modified":"2012-04-23T19:03:35","modified_gmt":"2012-04-23T18:03:35","slug":"tento-vikend-probehne-v-roztylech-otevrene-mistrovstvi-cr-v-curlingu","status":"publish","type":"post","link":"https:\/\/www.caths.cz\/wordpress\/tento-vikend-probehne-v-roztylech-otevrene-mistrovstvi-cr-v-curlingu\/","title":{"rendered":"Tento v\u00edkend prob\u011bhne v Roztylech Otev\u0159en\u00e9 mistrovstv\u00ed \u010cR v curlingu"},"content":{"rendered":"<p>V sobotu 28.4. za\u010dne v roztylsk\u00e9 curlingov\u00e9 hale OM\u010cR v curlingu. Krom\u011b 3 tuzemsk\u00fdch t\u00fdmov\u00fdch dru\u017estev &#8211; t\u00fdm Nov\u00e9 M\u011bsto nad Metuj\u00ed, Jedli\u010dk\u016fv \u00fastav a HSC Velk\u00e9 Mezi\u0159\u00ed\u010d\u00ed, se turnaje z\u00fa\u010dastn\u00ed i dva zahrani\u010dn\u00ed t\u00fdmy &#8211; N\u011bmecko a Polsko.Z turnaje se omluvil a nez\u00fa\u010dastn\u00ed se jej t\u00fdm Slovenska a tak musel b\u00fdt upraven hern\u00ed syst\u00e9m fin\u00e1lov\u00e9ho turnaje M\u010cR. <br \/> Prvn\u00edch p\u011bt dru\u017estev z Ligy se rozd\u011bl\u00ed na \u201ev\u00edt\u011bze\u201c Ligy (V) a zbyl\u00e9 \u010dty\u0159i t\u00fdmy se utkaj\u00ed ve skupin\u011b (A) syst\u00e9\u0179mem ka\u017ed\u00fd s ka\u017ed\u00fdm. Po\u0159ad\u00ed ve skupin\u011b bude ozna\u010deno po odehr\u00e1n\u00ed z\u00e1\u0179pas\u016f takto: 1A, 2A, 3A a 4A. Dru\u017estvo 4A se um\u00edst\u00ed na 5. m\u00edst\u011b a kon\u010d\u00ed. Semifin\u00e1le se odehraje n\u00e1sle\u0179duj\u00edc\u00edm zp\u016fsobem: V \u2013 3A a 1A \u2013 2A. V\u00edt\u011bzov\u00e9 se utkaj\u00ed ve fin\u00e1le a pora\u017een\u00ed sehraj\u00ed z\u00e1pas o bronz. V\u00edt\u011bz Ligy nastupuje a\u017e druh\u00fd den a pora\u017een\u00fd ze skupiny A prvn\u00ed den kon\u010d\u00ed. <br \/> Z druh\u00e9ho m\u00edsta ligy curlingu 2011\/2012 po odstoupen\u00ed Slovenska postupuje rovnou do semifin\u00e1le dru\u017estvo Nov\u00e9ho M\u011bsta nad Metuj\u00ed. <\/p>\n<p> Propozice OM\u010cR v curlingu 2012 naleznete <a href=\"http:\/\/www.caths.cz\/storage\/sekretarky\/OMCR curling 2012.pdf\" target=\"_blank\"> zde<\/a> <\/p>\n<p> <img decoding=\"async\" src=\"\/wordpress\/image\/sekretarky\/curling_29_3_09_074.jpg\"><\/p>\n","protected":false},"excerpt":{"rendered":"<a href=\"https:\/\/www.caths.cz\/wordpress\/tento-vikend-probehne-v-roztylech-otevrene-mistrovstvi-cr-v-curlingu\/\"><img loading=\"lazy\" decoding=\"async\" width=\"100\" height=\"100\" src=\"https:\/\/www.caths.cz\/wordpress\/wp-content\/plugins\/thumbnail-for-excerpts\/tfe_no_thumb.png\" class=\"alignleft wp-post-image tfe\" alt=\"\" title=\"\" \/><\/a><p>V sobotu 28.4. za\u010dne v roztylsk\u00e9 curlingov\u00e9 hale OM\u010cR v curlingu. Krom\u011b 3 tuzemsk\u00fdch t\u00fdmov\u00fdch dru\u017estev &#8211; t\u00fdm Nov\u00e9 M\u011bsto nad Metuj\u00ed, Jedli\u010dk\u016fv \u00fastav a HSC Velk\u00e9 Mezi\u0159\u00ed\u010d\u00ed, se turnaje [&hellip;]<\/p>\n","protected":false},"author":1,"featured_media":0,"comment_status":"closed","ping_status":"closed","sticky":false,"template":"","format":"standard","meta":{"ngg_post_thumbnail":0,"footnotes":""},"categories":[7],"tags":[],"class_list":["post-2224","post","type-post","status-publish","format-standard","hentry","category-curling"],"_links":{"self":[{"href":"https:\/\/www.caths.cz\/wordpress\/wp-json\/wp\/v2\/posts\/2224","targetHints":{"allow":["GET"]}}],"collection":[{"href":"https:\/\/www.caths.cz\/wordpress\/wp-json\/wp\/v2\/posts"}],"about":[{"href":"https:\/\/www.caths.cz\/wordpress\/wp-json\/wp\/v2\/types\/post"}],"author":[{"embeddable":true,"href":"https:\/\/www.caths.cz\/wordpress\/wp-json\/wp\/v2\/users\/1"}],"replies":[{"embeddable":true,"href":"https:\/\/www.caths.cz\/wordpress\/wp-json\/wp\/v2\/comments?post=2224"}],"version-history":[{"count":0,"href":"https:\/\/www.caths.cz\/wordpress\/wp-json\/wp\/v2\/posts\/2224\/revisions"}],"wp:attachment":[{"href":"https:\/\/www.caths.cz\/wordpress\/wp-json\/wp\/v2\/media?parent=2224"}],"wp:term":[{"taxonomy":"category","embeddable":true,"href":"https:\/\/www.caths.cz\/wordpress\/wp-json\/wp\/v2\/categories?post=2224"},{"taxonomy":"post_tag","embeddable":true,"href":"https:\/\/www.caths.cz\/wordpress\/wp-json\/wp\/v2\/tags?post=2224"}],"curies":[{"name":"wp","href":"https:\/\/api.w.org\/{rel}","templated":true}]}}