{"id":2223,"date":"2012-04-20T00:42:03","date_gmt":"2012-04-19T23:42:03","guid":{"rendered":"http:\/\/www.caths.cz\/wordpress\/?p=2223"},"modified":"2012-04-20T00:42:03","modified_gmt":"2012-04-19T23:42:03","slug":"o-vikendu-pokracuje-cp-horskych-kol-v-prazskych-repich","status":"publish","type":"post","link":"https:\/\/www.caths.cz\/wordpress\/o-vikendu-pokracuje-cp-horskych-kol-v-prazskych-repich\/","title":{"rendered":"O v\u00edkendu pokra\u010duje \u010cP horsk\u00fdch kol v pra\u017esk\u00fdch \u0158ep\u00edch"},"content":{"rendered":"<p>Tuto ned\u011bli 22.4.2012 se v pra\u017esk\u00fdc \u0158ep\u00edch uskute\u010dn\u00ed kolo \u010cesk\u00e9ho poh\u00e1ru MTB handicapovan\u00fdch cyklist\u016f v r\u00e1mci z\u00e1vodu King of Prague 2012. Z\u00e1vod je vyps\u00e1n pro kategorie stoj\u00edc\u00edch cyklist\u016f &#8211; C 3,4,5 a pro sluchov\u011b posti\u017een\u00e9 cyklisty.\n<\/p>\n<p>Po\u0159adatel\u00e9 z t\u00fdmu SK HCP Nutrend Specialized Cycling se na z\u00e1vod p\u0159ipravuj\u00ed velmi intenzivn\u011b, novinkou, oproti lo\u0148sk\u00e9mu ro\u010dn\u00edku je upraven\u00e1, atraktivn\u00ed trasa pro horsk\u00e1 kola.<br \/> B\u011bhem dne se na start pra\u017esk\u00e9ho z\u00e1vodu krom\u011b handicapovan\u00fdch cyklist\u016f postav\u00ed v\u0161echny v\u011bkov\u00e9 kategorie, od nejmen\u0161\u00edch cyklist\u016f do 7 let a\u017e po kategorii Masters na 50 let. Div\u00e1ky o\u010dek\u00e1van\u00fd bude z\u00e1vod junior\u016f, kde se o\u010dek\u00e1v\u00e1 siln\u00e1 zahrani\u010dn\u00ed \u00fa\u010dast a d\u00e1le z\u00e1vod kategorie U23 a Elite, kterou v minul\u00e9m roce vyhr\u00e1l Jaroslav Kulhav\u00fd p\u0159ed Janem \u0160karnitzlem.<br \/> Samoz\u0159ejmost\u00ed pra\u017esk\u00e9ho z\u00e1vodu je ji\u017e tradi\u010dn\u011b \u00fa\u010dast cel\u00e9 \u0159ady osobnost\u00ed \u010desk\u00e9 a sv\u011btov\u00e9 cyklistiky. Nejinak tomu bude i letos. A Mist\u0159i sv\u011bta dodaj\u00ed i velmi unik\u00e1tn\u00ed ceny: nejlep\u0161\u00ed \u017e\u00e1k si z \u0158ep odveze velmi cennou trofej \u2013 podepsan\u00fd dres fourkrosov\u00e9ho mistra sv\u011bta Michala Prokopa, pro v\u00edt\u011bze kategorie kadet\u016f maj\u00ed po\u0159adatel\u00e9 p\u0159ipraven\u00fd dres dal\u0161\u00edho Mistra sv\u011bta \u2013 Jaroslava Kulhav\u00e9ho, kter\u00fd je i patronem \u010cesk\u00e9ho poh\u00e1ru MTB handicapovan\u00fdch cyklist\u016f. A aby toho snad nebylo m\u00e1lo, tak nejlep\u0161\u00ed junior z\u00edsk\u00e1 dres mistra sv\u011bta a paralympijsk\u00e9ho v\u00edt\u011bze, Ji\u0159\u00edho Je\u017eka! <\/p>\n<p> Ve velk\u00e9m stanu si n\u00e1v\u0161t\u011bvn\u00edci budou moci prohl\u00e9dnout v\u00fdstavu fotografi\u00ed Michala \u010cerven\u00e9ho z Mistrovstv\u00ed sv\u011bta handicapovan\u00fdch cyklist\u016f v d\u00e1nsk\u00e9m Roskilde, za kterou autor z\u00edskal presti\u017en\u00ed ocen\u011bn\u00ed Czech Press Photo Canon Junior Award. <\/p>\n<p> Podrobnosti o z\u00e1vodu naleznete <a href=\"http:\/\/www.skhcp.cz\/\" target=\"_blank\"> zde<\/a><\/p>\n<p> <img decoding=\"async\" src=\"\/wordpress\/image\/sekretarky\/pojed\/plakat_web.jpg\"> <\/p>\n","protected":false},"excerpt":{"rendered":"<a href=\"https:\/\/www.caths.cz\/wordpress\/o-vikendu-pokracuje-cp-horskych-kol-v-prazskych-repich\/\"><img loading=\"lazy\" decoding=\"async\" width=\"100\" height=\"100\" src=\"https:\/\/www.caths.cz\/wordpress\/wp-content\/plugins\/thumbnail-for-excerpts\/tfe_no_thumb.png\" class=\"alignleft wp-post-image tfe\" alt=\"\" title=\"\" \/><\/a><p>Tuto ned\u011bli 22.4.2012 se v pra\u017esk\u00fdc \u0158ep\u00edch uskute\u010dn\u00ed kolo \u010cesk\u00e9ho poh\u00e1ru MTB handicapovan\u00fdch cyklist\u016f v r\u00e1mci z\u00e1vodu King of Prague 2012. Z\u00e1vod je vyps\u00e1n pro kategorie stoj\u00edc\u00edch cyklist\u016f &#8211; C [&hellip;]<\/p>\n","protected":false},"author":1,"featured_media":0,"comment_status":"closed","ping_status":"closed","sticky":false,"template":"","format":"standard","meta":{"ngg_post_thumbnail":0,"footnotes":""},"categories":[40],"tags":[],"class_list":["post-2223","post","type-post","status-publish","format-standard","hentry","category-pojed-s-nami"],"_links":{"self":[{"href":"https:\/\/www.caths.cz\/wordpress\/wp-json\/wp\/v2\/posts\/2223","targetHints":{"allow":["GET"]}}],"collection":[{"href":"https:\/\/www.caths.cz\/wordpress\/wp-json\/wp\/v2\/posts"}],"about":[{"href":"https:\/\/www.caths.cz\/wordpress\/wp-json\/wp\/v2\/types\/post"}],"author":[{"embeddable":true,"href":"https:\/\/www.caths.cz\/wordpress\/wp-json\/wp\/v2\/users\/1"}],"replies":[{"embeddable":true,"href":"https:\/\/www.caths.cz\/wordpress\/wp-json\/wp\/v2\/comments?post=2223"}],"version-history":[{"count":0,"href":"https:\/\/www.caths.cz\/wordpress\/wp-json\/wp\/v2\/posts\/2223\/revisions"}],"wp:attachment":[{"href":"https:\/\/www.caths.cz\/wordpress\/wp-json\/wp\/v2\/media?parent=2223"}],"wp:term":[{"taxonomy":"category","embeddable":true,"href":"https:\/\/www.caths.cz\/wordpress\/wp-json\/wp\/v2\/categories?post=2223"},{"taxonomy":"post_tag","embeddable":true,"href":"https:\/\/www.caths.cz\/wordpress\/wp-json\/wp\/v2\/tags?post=2223"}],"curies":[{"name":"wp","href":"https:\/\/api.w.org\/{rel}","templated":true}]}}