{"id":22213,"date":"2015-10-14T23:54:51","date_gmt":"2015-10-14T22:54:51","guid":{"rendered":"http:\/\/www.caths.cz\/wordpress\/?p=22213"},"modified":"2015-10-14T23:54:51","modified_gmt":"2015-10-14T22:54:51","slug":"dve-bronzove-medaile-z-mistrovstvi-evropy-putuji-do-ceska","status":"publish","type":"post","link":"https:\/\/www.caths.cz\/wordpress\/dve-bronzove-medaile-z-mistrovstvi-evropy-putuji-do-ceska\/","title":{"rendered":"Dv\u011b bronzov\u00e9 medaile z mistrovstv\u00ed Evropy putuj\u00ed do \u010ceska"},"content":{"rendered":"<p>Jak jsme v\u010dera informovali, dva \u010de\u0161t\u00ed stoln\u00ed tenist\u00e9 &#8211; Ivan Karabec a Daniel Horut postoupili na mistrovstv\u00ed Evropy do semifin\u00e1lov\u00fdch souboj\u016f.<\/p>\n<p>Na Dana Horuta \u010dekal souboj s Holan\u010fanem Montanusem. Prvn\u00ed dva sety \u010desk\u00fd hr\u00e1\u010d prohr\u00e1l, t\u0159et\u00ed set Dan oto\u010dil. Rozhoduj\u00edc\u00ed set v\u0161ak z\u00edskal Holan\u010fan a postoupil do boje o zlato, ve kter\u00e9m zv\u00edt\u011bzil nad Britem Bayleyem. Daniel Horut si odv\u00e1\u017e\u00ed z ME bronzovou medaili.<\/p>\n<p>Ivan Karabec sehr\u00e1l velkou bitvu s Pol\u00e1kem Chojnovskim. Prvn\u00ed dva sety byly velmi vyrovnan\u00e9, ale koncovka obou bohu\u017eel pat\u0159ila polsk\u00e9mu hr\u00e1\u010di. Ve t\u0159et\u00edm setu se ji\u017e Ivanovi neda\u0159ilo a tak ani Karabec nepostoupil do souboje o zlato a pat\u0159\u00ed mu rovn\u011b\u017e t\u0159et\u00ed p\u0159\u00ed\u010dka v turnaji a bronzov\u00e1 medaile. Pol\u00e1k Chojnowski boj o zlato vyhr\u00e1l a stal se Mistrem Evropy kategorie M10.<\/p>\n<p><a href=\"http:\/\/www.caths.cz\/wordpress\/wp-content\/uploads\/2015\/10\/KARABEC_Ivan_CZE_SM10_IMG_9352_mala.jpg\"><img loading=\"lazy\" decoding=\"async\" class=\"alignnone size-full wp-image-22214\" src=\"http:\/\/www.caths.cz\/wordpress\/wp-content\/uploads\/2015\/10\/KARABEC_Ivan_CZE_SM10_IMG_9352_mala.jpg\" alt=\"KARABEC_Ivan_CZE_SM10_IMG_9352_mala\" width=\"886\" height=\"640\" srcset=\"https:\/\/www.caths.cz\/wordpress\/wp-content\/uploads\/2015\/10\/KARABEC_Ivan_CZE_SM10_IMG_9352_mala.jpg 886w, https:\/\/www.caths.cz\/wordpress\/wp-content\/uploads\/2015\/10\/KARABEC_Ivan_CZE_SM10_IMG_9352_mala-300x217.jpg 300w, https:\/\/www.caths.cz\/wordpress\/wp-content\/uploads\/2015\/10\/KARABEC_Ivan_CZE_SM10_IMG_9352_mala-120x87.jpg 120w\" sizes=\"auto, (max-width: 886px) 100vw, 886px\" \/><\/a><\/p>\n","protected":false},"excerpt":{"rendered":"<a href=\"https:\/\/www.caths.cz\/wordpress\/dve-bronzove-medaile-z-mistrovstvi-evropy-putuji-do-ceska\/\"><img width=\"100\" height=\"100\" src=\"https:\/\/www.caths.cz\/wordpress\/wp-content\/uploads\/2015\/10\/KARABEC_Ivan_CZE_SM10_IMG_9352_mala-100x100.jpg\" class=\"alignleft tfe wp-post-image\" alt=\"\" decoding=\"async\" loading=\"lazy\" srcset=\"https:\/\/www.caths.cz\/wordpress\/wp-content\/uploads\/2015\/10\/KARABEC_Ivan_CZE_SM10_IMG_9352_mala-100x100.jpg 100w, https:\/\/www.caths.cz\/wordpress\/wp-content\/uploads\/2015\/10\/KARABEC_Ivan_CZE_SM10_IMG_9352_mala-150x150.jpg 150w\" sizes=\"auto, (max-width: 100px) 100vw, 100px\" \/><\/a><p>Jak jsme v\u010dera informovali, dva \u010de\u0161t\u00ed stoln\u00ed tenist\u00e9 &#8211; Ivan Karabec a Daniel Horut postoupili na mistrovstv\u00ed Evropy do semifin\u00e1lov\u00fdch souboj\u016f. Na Dana Horuta \u010dekal souboj s Holan\u010fanem Montanusem. Prvn\u00ed [&hellip;]<\/p>\n","protected":false},"author":1,"featured_media":22214,"comment_status":"closed","ping_status":"closed","sticky":false,"template":"","format":"standard","meta":{"ngg_post_thumbnail":0,"footnotes":""},"categories":[19],"tags":[],"class_list":["post-22213","post","type-post","status-publish","format-standard","has-post-thumbnail","hentry","category-stolni-tenis"],"_links":{"self":[{"href":"https:\/\/www.caths.cz\/wordpress\/wp-json\/wp\/v2\/posts\/22213","targetHints":{"allow":["GET"]}}],"collection":[{"href":"https:\/\/www.caths.cz\/wordpress\/wp-json\/wp\/v2\/posts"}],"about":[{"href":"https:\/\/www.caths.cz\/wordpress\/wp-json\/wp\/v2\/types\/post"}],"author":[{"embeddable":true,"href":"https:\/\/www.caths.cz\/wordpress\/wp-json\/wp\/v2\/users\/1"}],"replies":[{"embeddable":true,"href":"https:\/\/www.caths.cz\/wordpress\/wp-json\/wp\/v2\/comments?post=22213"}],"version-history":[{"count":1,"href":"https:\/\/www.caths.cz\/wordpress\/wp-json\/wp\/v2\/posts\/22213\/revisions"}],"predecessor-version":[{"id":22215,"href":"https:\/\/www.caths.cz\/wordpress\/wp-json\/wp\/v2\/posts\/22213\/revisions\/22215"}],"wp:featuredmedia":[{"embeddable":true,"href":"https:\/\/www.caths.cz\/wordpress\/wp-json\/wp\/v2\/media\/22214"}],"wp:attachment":[{"href":"https:\/\/www.caths.cz\/wordpress\/wp-json\/wp\/v2\/media?parent=22213"}],"wp:term":[{"taxonomy":"category","embeddable":true,"href":"https:\/\/www.caths.cz\/wordpress\/wp-json\/wp\/v2\/categories?post=22213"},{"taxonomy":"post_tag","embeddable":true,"href":"https:\/\/www.caths.cz\/wordpress\/wp-json\/wp\/v2\/tags?post=22213"}],"curies":[{"name":"wp","href":"https:\/\/api.w.org\/{rel}","templated":true}]}}