{"id":2211,"date":"2012-04-04T00:27:26","date_gmt":"2012-04-03T23:27:26","guid":{"rendered":"http:\/\/www.caths.cz\/wordpress\/?p=2211"},"modified":"2012-04-04T00:27:26","modified_gmt":"2012-04-03T23:27:26","slug":"na-jizni-morave-v-sobotu-startuje-handicup-2012","status":"publish","type":"post","link":"https:\/\/www.caths.cz\/wordpress\/na-jizni-morave-v-sobotu-startuje-handicup-2012\/","title":{"rendered":"Na ji\u017en\u00ed Morav\u011b v sobotu startuje HandiCup 2012"},"content":{"rendered":"<p align=\"justify\">   7.4.2012 n\u00e1s \u010dek\u00e1 prvn\u00ed ze z\u00e1vod\u016f handiCUPu. Tentokr\u00e1t za\u010d\u00edn\u00e1 seri\u00e1l MTB handicapovan\u00fdch cyklist\u016f na ji\u017en\u00ed Morav\u011b, konkr\u00e9tn\u011b v prostor\u00e1ch Valtick\u00e9ho z\u00e1mku. Startovn\u00e9 je op\u011bt od po\u0159adatele z\u00e1vod\u016f Cyklomaraton tour pro handicapovan\u00e9 z\u00e1vodn\u00edky zdarma.<\/p>\n<p align=\"justify\"> Z\u00e1zem\u00ed a registrace ve stanu \u010cern\u00fdch kon\u00ed. Registrace prob\u011bhne cca 90minut p\u0159ed startem. Pro p\u0159\u00edpadn\u00e9 z\u00e1jemce m\u00e1 Tom\u0161 Pouch moment\u00e1ln\u011b k bezplatn\u00e9mu zap\u016fj\u010den\u00ed handbiky a pro doprovod, \u010di cho\u010f\u00e1ky i horsk\u00e1 kola. Nav\u00e1hejte si stroje zamluvit dokud jsou voln\u00e9. Leto\u0161n\u00ed ro\u010dn\u00edk se o\u010dek\u00e1v\u00e1v\u00e1 n\u00e1r\u016fst ve v\u0161ech kategori\u00edch. <br \/> <em>&#8222;Kdy\u017e jsem spo\u010d\u00edtal v\u0161echny ter\u00e9nn\u00ed handbiky a p\u0159ipo\u010detl na\u0161e t\u0159i na zap\u016fj\u010den\u00ed, vych\u00e1z\u00ed mi, \u017ee v ide\u00e1ln\u00edm p\u0159\u00edpad\u011b se na start m\u016f\u017ee postavit 12 handbik\u016f, a to u\u017e jsou po\u0159\u00e1dn\u00fd offroad z\u00e1vody.&#8220;<\/em>, \u0159\u00edk\u00e1 hlavn\u00ed organiz\u00e1tor Tom\u00e1\u0161 Pouch.<\/p>\n<p> Poh\u00e1rov\u00e9 z\u00e1vody horsk\u00fdch kol a handbik\u016f jsou vhodn\u00e9 i pro za\u010d\u00ednaj\u00edc\u00ed sportovce. Ka\u017ed\u00e9mu za\u010d\u00ednaj\u00edc\u00edmu z\u00e1vodn\u00edkovi doporu\u010dujeme doprovod. Pokud ve sv\u00e9m okol\u00ed m\u00e1te sam\u00e9 lenochody, kontaktujte <strong>Tom\u00e1\u0161e Poucha 777 058 538<\/strong>, a pokus\u00edme se asistenci zajistit. <\/p>\n<p> V\u00edce o z\u00e1vod\u011b se dozv\u00edte ze str\u00e1nek www.cyklomaratontour.cz a www.cernikone.cz <\/p>\n<p> <img decoding=\"async\" src=\"\/wordpress\/image\/sekretarky\/cerni kone_hradec kralove_011.JPG\"> <\/p>\n","protected":false},"excerpt":{"rendered":"<a href=\"https:\/\/www.caths.cz\/wordpress\/na-jizni-morave-v-sobotu-startuje-handicup-2012\/\"><img loading=\"lazy\" decoding=\"async\" width=\"100\" height=\"100\" src=\"https:\/\/www.caths.cz\/wordpress\/wp-content\/plugins\/thumbnail-for-excerpts\/tfe_no_thumb.png\" class=\"alignleft wp-post-image tfe\" alt=\"\" title=\"\" \/><\/a><p>7.4.2012 n\u00e1s \u010dek\u00e1 prvn\u00ed ze z\u00e1vod\u016f handiCUPu. Tentokr\u00e1t za\u010d\u00edn\u00e1 seri\u00e1l MTB handicapovan\u00fdch cyklist\u016f na ji\u017en\u00ed Morav\u011b, konkr\u00e9tn\u011b v prostor\u00e1ch Valtick\u00e9ho z\u00e1mku. Startovn\u00e9 je op\u011bt od po\u0159adatele z\u00e1vod\u016f Cyklomaraton tour pro [&hellip;]<\/p>\n","protected":false},"author":1,"featured_media":0,"comment_status":"closed","ping_status":"closed","sticky":false,"template":"","format":"standard","meta":{"ngg_post_thumbnail":0,"footnotes":""},"categories":[40],"tags":[],"class_list":["post-2211","post","type-post","status-publish","format-standard","hentry","category-pojed-s-nami"],"_links":{"self":[{"href":"https:\/\/www.caths.cz\/wordpress\/wp-json\/wp\/v2\/posts\/2211","targetHints":{"allow":["GET"]}}],"collection":[{"href":"https:\/\/www.caths.cz\/wordpress\/wp-json\/wp\/v2\/posts"}],"about":[{"href":"https:\/\/www.caths.cz\/wordpress\/wp-json\/wp\/v2\/types\/post"}],"author":[{"embeddable":true,"href":"https:\/\/www.caths.cz\/wordpress\/wp-json\/wp\/v2\/users\/1"}],"replies":[{"embeddable":true,"href":"https:\/\/www.caths.cz\/wordpress\/wp-json\/wp\/v2\/comments?post=2211"}],"version-history":[{"count":0,"href":"https:\/\/www.caths.cz\/wordpress\/wp-json\/wp\/v2\/posts\/2211\/revisions"}],"wp:attachment":[{"href":"https:\/\/www.caths.cz\/wordpress\/wp-json\/wp\/v2\/media?parent=2211"}],"wp:term":[{"taxonomy":"category","embeddable":true,"href":"https:\/\/www.caths.cz\/wordpress\/wp-json\/wp\/v2\/categories?post=2211"},{"taxonomy":"post_tag","embeddable":true,"href":"https:\/\/www.caths.cz\/wordpress\/wp-json\/wp\/v2\/tags?post=2211"}],"curies":[{"name":"wp","href":"https:\/\/api.w.org\/{rel}","templated":true}]}}