{"id":2210,"date":"2012-04-03T00:19:14","date_gmt":"2012-04-02T23:19:14","guid":{"rendered":"http:\/\/www.caths.cz\/wordpress\/?p=2210"},"modified":"2012-04-03T00:19:14","modified_gmt":"2012-04-02T23:19:14","slug":"podle-propoctu-uci-bude-jirka-jezek-v-londyne-az-16-v-zavode-na-1000m","status":"publish","type":"post","link":"https:\/\/www.caths.cz\/wordpress\/podle-propoctu-uci-bude-jirka-jezek-v-londyne-az-16-v-zavode-na-1000m\/","title":{"rendered":"Podle propo\u010dt\u016f UCI bude Jirka Je\u017eek v Lond\u00fdn\u011b a\u017e 16. v z\u00e1vod\u011b na 1000m"},"content":{"rendered":"<p align=\"justify\">   UCI p\u0159edlo\u017eila v\u00fdpo\u010det koeficient\u016f pro cyklistick\u00e9 paralympijsk\u00e9 z\u00e1vody v Lond\u00fdn\u011b ve kter\u00fdch dojde ke spojen\u00ed kategori\u00ed. Dlouhodob\u011b diskutovan\u00e1 v\u011bc \u2013 spojen\u00ed kategori\u00ed tak dost\u00e1v\u00e1 sv\u016fj re\u00e1ln\u00fd rozm\u011br, vsazen\u00edm \u010d\u00edsel do simula\u010dn\u00edho z\u00e1vodu dle posledn\u00edho dr\u00e1hov\u00e9ho a silni\u010dn\u00edho mistrovstv\u00ed sv\u011bta. A jde skute\u010dn\u011b o zaj\u00edmav\u00e9 v\u00fdsledky, nap\u0159\u00edklad Ji\u0159\u00edho Je\u017eka syst\u00e9m koeficient\u016f posouv\u00e1 a\u017e na 16. m\u00edsto!!!\n<\/p>\n<p align=\"justify\"> Asi bychom marn\u011b p\u00e1trali ve v\u00fdsledkov\u00fdch listin\u00e1ch, kdy se Jirkovi poda\u0159ilo p\u0159ijet na vrcholn\u00e9 akci a\u017e na 16. m\u00edst\u011b&#8230;<\/p>\n<p> Pokud se pod\u00edv\u00e1te na simula\u010dn\u00ed z\u00e1vod \u017eensk\u00e9 \u010dasovky kategori\u00ed C1 \u2013 C3 z d\u00e1nsk\u00e9ho Roskilde tak zjist\u00edte, \u017ee po p\u0159epo\u010dtu by bronzov\u00e1 Tereza Diepoldov\u00e1 brala jen bramborovou medaili a zaj\u00edmav\u00e9 jsou i v\u00fdsledky dal\u0161\u00edch reprezentant\u016f: tricyklista David Vondr\u00e1\u010dek by klesnul na m\u00edsto 13. a handbiker Martin Kov\u00e1\u0159 by v simula\u010dn\u00edm z\u00e1vod\u011b kategori\u00ed H1 a H2 v obsadil a\u017e 19. &#8211; tedy p\u0159edposledn\u00ed m\u00edsto&#8230; <\/p>\n<p> Ot\u00e1zkou je, kam IPC s politikou slu\u010dov\u00e1n\u00ed kategori\u00ed kr\u00e1\u010d\u00ed, proto\u017ee tento zp\u016fsob z\u00e1vod\u011bn\u00ed je skute\u010dn\u011b pon\u011bkud ne\u0161\u0165astn\u00fd, zvl\u00e1\u0161t\u011b kdy\u017e v praxi vid\u00edme jeho mo\u017en\u00e9 v\u00fdsledky. Probl\u00e9m se net\u00fdk\u00e1 pouze cyklistiky, u\u017e dlouho je kritizov\u00e1n atlety i jin\u00fdmi sporty. Limitovan\u00e1 s\u00e9rie medail\u00ed sice zachov\u00e1v\u00e1 mo\u017enost ka\u017ed\u00e9 kategorii \u00fa\u010dastnit se paralympijsk\u00fdch her ve v\u0161ech sv\u00fdch discipl\u00edn\u00e1ch, ale bu\u010fme up\u0159\u00edmn\u00ed, v mnoha p\u0159\u00edpadech jde skute\u010dn\u011b o napln\u011bn\u00ed Coubertainova hesla: \u201enen\u00ed d\u016fle\u017eit\u00e9 zv\u00edt\u011bzit, ale z\u00fa\u010dastnit se\u201c a to i v p\u0159\u00edpad\u011b, \u017ee se jedn\u00e1 o favority jednotliv\u00fdch kategori\u00ed. <\/p>\n<p> Koment\u00e1\u0159 UCI <a href=\"http:\/\/www.caths.cz\/storage\/londyn\/cyklistika\/2120327_posta z UCI_komentar k prepoctum.pdf\" target=\"_blank\"> zde<\/a><br \/> Simula\u010dn\u00ed z\u00e1vod dr\u00e1hov\u00fd (tabulka faktor\u016f) <a href=\"http:\/\/www.caths.cz\/storage\/londyn\/cyklistika\/TRACK_FACTORS.pdf\" target=\"_blank\"> zde<\/a><br \/> Simula\u010dn\u00ed z\u00e1vod silni\u010dn\u00ed (tabulka faktor\u016f) <a href=\"http:\/\/www.caths.cz\/storage\/londyn\/cyklistika\/ROAD_FACTORS.pdf\" target=\"_blank\"> zde<\/a> <\/p>\n","protected":false},"excerpt":{"rendered":"<a href=\"https:\/\/www.caths.cz\/wordpress\/podle-propoctu-uci-bude-jirka-jezek-v-londyne-az-16-v-zavode-na-1000m\/\"><img loading=\"lazy\" decoding=\"async\" width=\"100\" height=\"100\" src=\"https:\/\/www.caths.cz\/wordpress\/wp-content\/plugins\/thumbnail-for-excerpts\/tfe_no_thumb.png\" class=\"alignleft wp-post-image tfe\" alt=\"\" title=\"\" \/><\/a><p>UCI p\u0159edlo\u017eila v\u00fdpo\u010det koeficient\u016f pro cyklistick\u00e9 paralympijsk\u00e9 z\u00e1vody v Lond\u00fdn\u011b ve kter\u00fdch dojde ke spojen\u00ed kategori\u00ed. Dlouhodob\u011b diskutovan\u00e1 v\u011bc \u2013 spojen\u00ed kategori\u00ed tak dost\u00e1v\u00e1 sv\u016fj re\u00e1ln\u00fd rozm\u011br, vsazen\u00edm \u010d\u00edsel do [&hellip;]<\/p>\n","protected":false},"author":1,"featured_media":0,"comment_status":"closed","ping_status":"closed","sticky":false,"template":"","format":"standard","meta":{"ngg_post_thumbnail":0,"footnotes":""},"categories":[41],"tags":[],"class_list":["post-2210","post","type-post","status-publish","format-standard","hentry","category-lph-londyn-2012"],"_links":{"self":[{"href":"https:\/\/www.caths.cz\/wordpress\/wp-json\/wp\/v2\/posts\/2210","targetHints":{"allow":["GET"]}}],"collection":[{"href":"https:\/\/www.caths.cz\/wordpress\/wp-json\/wp\/v2\/posts"}],"about":[{"href":"https:\/\/www.caths.cz\/wordpress\/wp-json\/wp\/v2\/types\/post"}],"author":[{"embeddable":true,"href":"https:\/\/www.caths.cz\/wordpress\/wp-json\/wp\/v2\/users\/1"}],"replies":[{"embeddable":true,"href":"https:\/\/www.caths.cz\/wordpress\/wp-json\/wp\/v2\/comments?post=2210"}],"version-history":[{"count":0,"href":"https:\/\/www.caths.cz\/wordpress\/wp-json\/wp\/v2\/posts\/2210\/revisions"}],"wp:attachment":[{"href":"https:\/\/www.caths.cz\/wordpress\/wp-json\/wp\/v2\/media?parent=2210"}],"wp:term":[{"taxonomy":"category","embeddable":true,"href":"https:\/\/www.caths.cz\/wordpress\/wp-json\/wp\/v2\/categories?post=2210"},{"taxonomy":"post_tag","embeddable":true,"href":"https:\/\/www.caths.cz\/wordpress\/wp-json\/wp\/v2\/tags?post=2210"}],"curies":[{"name":"wp","href":"https:\/\/api.w.org\/{rel}","templated":true}]}}