{"id":2208,"date":"2012-03-30T00:12:10","date_gmt":"2012-03-29T23:12:10","guid":{"rendered":"http:\/\/www.caths.cz\/wordpress\/?p=2208"},"modified":"2012-03-30T00:12:10","modified_gmt":"2012-03-29T23:12:10","slug":"cesko-prohralo-s-korejci-zahraje-si-o-bronz","status":"publish","type":"post","link":"https:\/\/www.caths.cz\/wordpress\/cesko-prohralo-s-korejci-zahraje-si-o-bronz\/","title":{"rendered":"\u010cesko prohr\u00e1lo s Korejci, zahraje si o bronz"},"content":{"rendered":"<p align=\"justify\">Ve \u010dtvrtek \u010desk\u00fd t\u00fdm bohu\u017eel utr\u017eil por\u00e1\u017eku od Korey 0:2 a v ned\u011bli bude hr\u00e1t v mal\u00e9m fin\u00e1le o bronzovou medaili s t\u00fdmem Kanady.\n<\/p>\n<p align=\"justify\">Do v\u010derej\u0161\u00edho semifin\u00e1le nastoupili zat\u00edm na turnaji nepora\u017een\u00ed \u010ce\u0161i proti Korejc\u016fm, kte\u0159\u00ed b\u011bhem turnaje MS p\u0159edv\u00e1d\u011bli velmi pohlednou a efektivn\u00ed hru a prohru utr\u017eili pouze s Kanadou. Favoritem z\u00e1pasu nebyl nikdo. \u010cesk\u00fd t\u00fdm m\u00e1 s Koreou aktivn\u00ed sk\u00f3re z\u00e1pas\u016f, ale Korejci jsou rok od roku lep\u0161\u00ed.<\/p>\n<p> V prvn\u00ed t\u0159etin\u011b Korejci uk\u00e1zali svou velkou p\u0159ednost \u2013 rychlost. N\u011bkolika rychl\u00fdmi brejky ohrozili V\u00e1penkovu branku a ve dvan\u00e1ct\u00e9 minut\u011b vst\u0159elili branku za z\u00e1da \u010desk\u00e9ho g\u00f3lmana.<\/p>\n<p> Ve druh\u00e9 t\u0159etin\u011b padla do s\u00edt\u011b \u010cech\u016f druh\u00e1 branka. \u010ce\u0161i za\u010dali chybovat v obran\u011b a \u017e\u00e1dn\u00e1 z jejich st\u0159el netrefila branku soupe\u0159e. V podobn\u00e9m duchu prob\u011bhla i t\u0159et\u00ed t\u0159etina, Korea na\u0161e hr\u00e1\u010de \u010dasto p\u0159e\u010d\u00edslovala a byla aktivn\u011bj\u0161\u00ed. Nen\u00ed se \u010demu divit, Korejci maj\u00ed o t\u0159i hr\u00e1\u010de k dispozici v\u00edce.<\/p>\n<p> Z\u00e1pas skon\u010dil za stavu 0:2 pro Koreu. \u010cesk\u00fd t\u00fdm nastoup\u00ed v ned\u011bli 1.dubna ve 12:30 k boji o bronzovou medaili s Kanadou.<\/p>\n<p> Fin\u00e1le se odehraje mezi USA a Koreou od 16:00 tak\u00e9 v ned\u011bli. <\/p>\n","protected":false},"excerpt":{"rendered":"<a href=\"https:\/\/www.caths.cz\/wordpress\/cesko-prohralo-s-korejci-zahraje-si-o-bronz\/\"><img loading=\"lazy\" decoding=\"async\" width=\"100\" height=\"100\" src=\"https:\/\/www.caths.cz\/wordpress\/wp-content\/plugins\/thumbnail-for-excerpts\/tfe_no_thumb.png\" class=\"alignleft wp-post-image tfe\" alt=\"\" title=\"\" \/><\/a><p>Ve \u010dtvrtek \u010desk\u00fd t\u00fdm bohu\u017eel utr\u017eil por\u00e1\u017eku od Korey 0:2 a v ned\u011bli bude hr\u00e1t v mal\u00e9m fin\u00e1le o bronzovou medaili s t\u00fdmem Kanady. Do v\u010derej\u0161\u00edho semifin\u00e1le nastoupili zat\u00edm na [&hellip;]<\/p>\n","protected":false},"author":1,"featured_media":0,"comment_status":"closed","ping_status":"closed","sticky":false,"template":"","format":"standard","meta":{"ngg_post_thumbnail":0,"footnotes":""},"categories":[17],"tags":[],"class_list":["post-2208","post","type-post","status-publish","format-standard","hentry","category-sledge-hokej"],"_links":{"self":[{"href":"https:\/\/www.caths.cz\/wordpress\/wp-json\/wp\/v2\/posts\/2208","targetHints":{"allow":["GET"]}}],"collection":[{"href":"https:\/\/www.caths.cz\/wordpress\/wp-json\/wp\/v2\/posts"}],"about":[{"href":"https:\/\/www.caths.cz\/wordpress\/wp-json\/wp\/v2\/types\/post"}],"author":[{"embeddable":true,"href":"https:\/\/www.caths.cz\/wordpress\/wp-json\/wp\/v2\/users\/1"}],"replies":[{"embeddable":true,"href":"https:\/\/www.caths.cz\/wordpress\/wp-json\/wp\/v2\/comments?post=2208"}],"version-history":[{"count":0,"href":"https:\/\/www.caths.cz\/wordpress\/wp-json\/wp\/v2\/posts\/2208\/revisions"}],"wp:attachment":[{"href":"https:\/\/www.caths.cz\/wordpress\/wp-json\/wp\/v2\/media?parent=2208"}],"wp:term":[{"taxonomy":"category","embeddable":true,"href":"https:\/\/www.caths.cz\/wordpress\/wp-json\/wp\/v2\/categories?post=2208"},{"taxonomy":"post_tag","embeddable":true,"href":"https:\/\/www.caths.cz\/wordpress\/wp-json\/wp\/v2\/tags?post=2208"}],"curies":[{"name":"wp","href":"https:\/\/api.w.org\/{rel}","templated":true}]}}