{"id":22073,"date":"2015-10-13T21:59:36","date_gmt":"2015-10-13T20:59:36","guid":{"rendered":"http:\/\/www.caths.cz\/wordpress\/?p=22073"},"modified":"2015-10-13T21:59:36","modified_gmt":"2015-10-13T20:59:36","slug":"cesi-budou-hrat-na-mistrovstvi-evropy-ve-stolnim-tenise-o-medaile","status":"publish","type":"post","link":"https:\/\/www.caths.cz\/wordpress\/cesi-budou-hrat-na-mistrovstvi-evropy-ve-stolnim-tenise-o-medaile\/","title":{"rendered":"\u010ce\u0161i budou hr\u00e1t na mistrovstv\u00ed Evropy ve stoln\u00edm tenise o medaile"},"content":{"rendered":"<p>V ned\u011bli odcestovali do d\u011bji\u0161t\u011b Mistrovstv\u00ed Evropy ve stoln\u00edm tenise i dva reprezentanti \u010cATHS &#8211; Ivan Karabec, bronzov\u00fd medailista z lo\u0148sk\u00e9ho mistrovstv\u00ed sv\u011bta a Dan Horut, osm\u00fd mu\u017e sv\u011bta kategorie M7.<\/p>\n<p>Leto\u0161n\u00ed Mistrovstv\u00ed Evropy ve stoln\u00edm tenise host\u00ed d\u00e1nsk\u00e9 m\u011bsto Vajle a tohoto vrcholu sez\u00f3ny se \u00fa\u010dastn\u00ed 280 hr\u00e1\u010d\u016f z 31 zem\u00ed.<\/p>\n<p>Dnes byly na programu \u0161ampion\u00e1tu souboje ve dvouhr\u00e1ch a postupy do KO &#8222;pavouka&#8220;. Vynikaj\u00edc\u00ed v\u00fdkony ve skupin\u00e1ch podali oba dva jmenovan\u00ed \u010de\u0161t\u00ed hr\u00e1\u010di a sv\u00e9 skupiny vyhr\u00e1li. V dal\u0161\u00edch z\u00e1pasech se poda\u0159ilo Ivanovi i Danovi postoupit mezi nejlep\u0161\u00edch osm hr\u00e1\u010d\u016f a rovn\u011b\u017e \u010dtvrtfin\u00e1le oba \u010ce\u0161i vyhr\u00e1li!<\/p>\n<p>Z\u00edtra dopoledne nastoup\u00ed do semifin\u00e1lov\u00e9ho z\u00e1pasu nejprve Daniel Horut v kategorii M7 a v poledne pak Ivan Karabec v kategorii M10.<\/p>\n<p>Budeme ob\u011bma dr\u017eet palce.<\/p>\n<p><a href=\"http:\/\/www.caths.cz\/wordpress\/wp-content\/uploads\/2015\/10\/IMG_4899_1.jpg\"><img loading=\"lazy\" decoding=\"async\" class=\"alignnone size-large wp-image-22211\" src=\"http:\/\/www.caths.cz\/wordpress\/wp-content\/uploads\/2015\/10\/IMG_4899_1-1024x683.jpg\" alt=\"IMG_4899_1\" width=\"600\" height=\"400\" srcset=\"https:\/\/www.caths.cz\/wordpress\/wp-content\/uploads\/2015\/10\/IMG_4899_1-1024x683.jpg 1024w, https:\/\/www.caths.cz\/wordpress\/wp-content\/uploads\/2015\/10\/IMG_4899_1-300x200.jpg 300w, https:\/\/www.caths.cz\/wordpress\/wp-content\/uploads\/2015\/10\/IMG_4899_1-120x80.jpg 120w\" sizes=\"auto, (max-width: 600px) 100vw, 600px\" \/><\/a><\/p>\n","protected":false},"excerpt":{"rendered":"<a href=\"https:\/\/www.caths.cz\/wordpress\/cesi-budou-hrat-na-mistrovstvi-evropy-ve-stolnim-tenise-o-medaile\/\"><img width=\"100\" height=\"100\" src=\"https:\/\/www.caths.cz\/wordpress\/wp-content\/uploads\/2015\/10\/IMG_4899_1-100x100.jpg\" class=\"alignleft tfe wp-post-image\" alt=\"\" decoding=\"async\" loading=\"lazy\" srcset=\"https:\/\/www.caths.cz\/wordpress\/wp-content\/uploads\/2015\/10\/IMG_4899_1-100x100.jpg 100w, https:\/\/www.caths.cz\/wordpress\/wp-content\/uploads\/2015\/10\/IMG_4899_1-150x150.jpg 150w\" sizes=\"auto, (max-width: 100px) 100vw, 100px\" \/><\/a><p>V ned\u011bli odcestovali do d\u011bji\u0161t\u011b Mistrovstv\u00ed Evropy ve stoln\u00edm tenise i dva reprezentanti \u010cATHS &#8211; Ivan Karabec, bronzov\u00fd medailista z lo\u0148sk\u00e9ho mistrovstv\u00ed sv\u011bta a Dan Horut, osm\u00fd mu\u017e sv\u011bta kategorie [&hellip;]<\/p>\n","protected":false},"author":1,"featured_media":22211,"comment_status":"closed","ping_status":"closed","sticky":false,"template":"","format":"standard","meta":{"ngg_post_thumbnail":0,"footnotes":""},"categories":[1,19],"tags":[],"class_list":["post-22073","post","type-post","status-publish","format-standard","has-post-thumbnail","hentry","category-nezarazene","category-stolni-tenis"],"_links":{"self":[{"href":"https:\/\/www.caths.cz\/wordpress\/wp-json\/wp\/v2\/posts\/22073","targetHints":{"allow":["GET"]}}],"collection":[{"href":"https:\/\/www.caths.cz\/wordpress\/wp-json\/wp\/v2\/posts"}],"about":[{"href":"https:\/\/www.caths.cz\/wordpress\/wp-json\/wp\/v2\/types\/post"}],"author":[{"embeddable":true,"href":"https:\/\/www.caths.cz\/wordpress\/wp-json\/wp\/v2\/users\/1"}],"replies":[{"embeddable":true,"href":"https:\/\/www.caths.cz\/wordpress\/wp-json\/wp\/v2\/comments?post=22073"}],"version-history":[{"count":1,"href":"https:\/\/www.caths.cz\/wordpress\/wp-json\/wp\/v2\/posts\/22073\/revisions"}],"predecessor-version":[{"id":22212,"href":"https:\/\/www.caths.cz\/wordpress\/wp-json\/wp\/v2\/posts\/22073\/revisions\/22212"}],"wp:featuredmedia":[{"embeddable":true,"href":"https:\/\/www.caths.cz\/wordpress\/wp-json\/wp\/v2\/media\/22211"}],"wp:attachment":[{"href":"https:\/\/www.caths.cz\/wordpress\/wp-json\/wp\/v2\/media?parent=22073"}],"wp:term":[{"taxonomy":"category","embeddable":true,"href":"https:\/\/www.caths.cz\/wordpress\/wp-json\/wp\/v2\/categories?post=22073"},{"taxonomy":"post_tag","embeddable":true,"href":"https:\/\/www.caths.cz\/wordpress\/wp-json\/wp\/v2\/tags?post=22073"}],"curies":[{"name":"wp","href":"https:\/\/api.w.org\/{rel}","templated":true}]}}