{"id":2206,"date":"2012-03-27T00:28:09","date_gmt":"2012-03-26T23:28:09","guid":{"rendered":"http:\/\/www.caths.cz\/wordpress\/?p=2206"},"modified":"2012-03-27T00:28:09","modified_gmt":"2012-03-26T23:28:09","slug":"cesi-ziskali-skalp-paralympijskych-vitezu-tymu-usa","status":"publish","type":"post","link":"https:\/\/www.caths.cz\/wordpress\/cesi-ziskali-skalp-paralympijskych-vitezu-tymu-usa\/","title":{"rendered":"\u010ce\u0161i z\u00edskali skalp paralympijsk\u00fdch v\u00edt\u011bz\u016f &#8211; t\u00fdmu USA"},"content":{"rendered":"<p align=\"justify\"> <em>&#8222;Je to jako sen !&#8220;<\/em>, to byla prvn\u00ed slova \u0161\u00e9fa \u010desk\u00e9 v\u00fdpravy Martina Frouse po v\u00edt\u011bzn\u00e9m utk\u00e1n\u00ed s t\u00fdmem USA. Ano.. Sen se stal skute\u010dnost\u00ed kolem jedn\u00e9 hodiny po poledni, kdy na\u0161i sledge hokejist\u00e9 porazili Ameri\u010dany, dr\u017eitele zlat\u00fdch medail\u00ed z posledn\u00edch zimn\u00edch paralympijsk\u00fdch her, na samostatn\u00e9 n\u00e1jezdy 2:1 a maj\u00ed jistou \u00fa\u010dast v semifin\u00e1le.<\/p>\n<p align=\"justify\"> Jednoduch\u00e9 v\u00edt\u011bzstv\u00ed to rozhodn\u011b nebylo. Ameri\u010dan\u00e9 nastoupili do z\u00e1pasu s obrovsk\u00fdm nasazen\u00edm. N\u00e1\u0161 t\u00fdm byl pod velk\u00fdm soupe\u0159ov\u00fdm tlakem, kter\u00fd ve t\u0159et\u00ed minut\u011b prvn\u00ed t\u0159etiny p\u0159inesl sv\u00e9 ovoce, kdy\u017e USA vst\u0159elilo branku a vedlo 1:0. Dal\u0161\u00ed \u00fatoky \u00fasp\u011b\u0161n\u011b odr\u00e1\u017eela \u010desk\u00e1 obrana i brank\u00e1\u0159 V\u00e1penka. V patn\u00e1ct\u00e9 minut\u011b p\u0159i\u0161el ne\u010dekan\u00fd zlom. V \u010desk\u00e9m proti\u00fatoku se poda\u0159ilo uvolnit Michalu Geierovi a 46 sekund p\u0159ed koncem t\u0159etiny vst\u0159elit branku a srovnat sk\u00f3re na 1:1.<\/p>\n<p> Druh\u00e1 t\u0159etina g\u00f3l nep\u0159inesla. T\u00fdm USA m\u011bl sice st\u00e1le p\u0159evahu, ale i \u010desk\u00fd t\u00fdm si vytvo\u0159il \u0159adu g\u00f3lov\u00fdch p\u0159\u00edle\u017eitost\u00ed. Nejv\u011bt\u0161\u00ed m\u011bl asi Zden\u011bk \u0160afr\u00e1nek ve 28.minut\u011b z\u00e1pasu, sk\u00f3rovat se mu ale nepoda\u0159ilo.<\/p>\n<p> T\u0159et\u00ed t\u0159etina byla ji\u017e naprosto vyrovnanou z\u00e1le\u017eitost\u00ed. Zrychlen\u00e9mu tempu Ameri\u010dan\u016f se \u010desk\u00fd t\u00fdm rychle p\u0159izp\u016fsobil a dovedl z\u00e1pas k prodlou\u017een\u00ed. To cel\u00e9 z pohledu aktivity pat\u0159ilo t\u00fdmu USA, \u010desk\u00fd t\u00fdm tlaku jen st\u011b\u017e\u00ed odol\u00e1val a n\u011bkolikr\u00e1t st\u00e1lo na na\u0161\u00ed stran\u011b velk\u00e9 \u0161t\u011bst\u00ed.<\/p>\n<p> P\u0159i samostatn\u00fdch n\u00e1jezdech ov\u0161em hr\u00e1li prim \u010ce\u0161i. Zat\u00edmco si dva Ameri\u010dan\u00e9 Salamone a Landeros vyl\u00e1mali zuby na brank\u00e1\u0159i V\u00e1penkovi, na\u0161i dva st\u0159elci David Pal\u00e1t a Ji\u0159\u00ed Berger branku USA neminuli a po dvou s\u00e9ri\u00edch samostatn\u00fdch n\u00e1jezd\u016f bylo rozhodnuto. N\u00e1\u0161 t\u00fdm zv\u00edt\u011bzil poprv\u00e9 v historii nad t\u00fdmem USA a na sv\u00e9m kont\u011b m\u00e1 v z\u00e1kladn\u00ed skupin\u011b MS dv\u011b v\u00edt\u011bzstv\u00ed a jasn\u00fd postup do semifin\u00e1le.<\/p>\n<p> Dne\u0161ek je na mistrovstv\u00ed sv\u011bta voln\u00fdm dnem. Do posledn\u00edho z\u00e1pasu z\u00e1kladn\u00ed skupiny proti Estonsku nastoup\u00ed \u010ce\u0161i ve st\u0159edu v osm hodin r\u00e1no. <\/p>\n<p> Budeme se t\u011b\u0161it.. <\/p>\n","protected":false},"excerpt":{"rendered":"<a href=\"https:\/\/www.caths.cz\/wordpress\/cesi-ziskali-skalp-paralympijskych-vitezu-tymu-usa\/\"><img loading=\"lazy\" decoding=\"async\" width=\"100\" height=\"100\" src=\"https:\/\/www.caths.cz\/wordpress\/wp-content\/plugins\/thumbnail-for-excerpts\/tfe_no_thumb.png\" class=\"alignleft wp-post-image tfe\" alt=\"\" title=\"\" \/><\/a><p>&#8222;Je to jako sen !&#8220;, to byla prvn\u00ed slova \u0161\u00e9fa \u010desk\u00e9 v\u00fdpravy Martina Frouse po v\u00edt\u011bzn\u00e9m utk\u00e1n\u00ed s t\u00fdmem USA. Ano.. Sen se stal skute\u010dnost\u00ed kolem jedn\u00e9 hodiny po poledni, [&hellip;]<\/p>\n","protected":false},"author":1,"featured_media":0,"comment_status":"closed","ping_status":"closed","sticky":false,"template":"","format":"standard","meta":{"ngg_post_thumbnail":0,"footnotes":""},"categories":[17],"tags":[],"class_list":["post-2206","post","type-post","status-publish","format-standard","hentry","category-sledge-hokej"],"_links":{"self":[{"href":"https:\/\/www.caths.cz\/wordpress\/wp-json\/wp\/v2\/posts\/2206","targetHints":{"allow":["GET"]}}],"collection":[{"href":"https:\/\/www.caths.cz\/wordpress\/wp-json\/wp\/v2\/posts"}],"about":[{"href":"https:\/\/www.caths.cz\/wordpress\/wp-json\/wp\/v2\/types\/post"}],"author":[{"embeddable":true,"href":"https:\/\/www.caths.cz\/wordpress\/wp-json\/wp\/v2\/users\/1"}],"replies":[{"embeddable":true,"href":"https:\/\/www.caths.cz\/wordpress\/wp-json\/wp\/v2\/comments?post=2206"}],"version-history":[{"count":0,"href":"https:\/\/www.caths.cz\/wordpress\/wp-json\/wp\/v2\/posts\/2206\/revisions"}],"wp:attachment":[{"href":"https:\/\/www.caths.cz\/wordpress\/wp-json\/wp\/v2\/media?parent=2206"}],"wp:term":[{"taxonomy":"category","embeddable":true,"href":"https:\/\/www.caths.cz\/wordpress\/wp-json\/wp\/v2\/categories?post=2206"},{"taxonomy":"post_tag","embeddable":true,"href":"https:\/\/www.caths.cz\/wordpress\/wp-json\/wp\/v2\/tags?post=2206"}],"curies":[{"name":"wp","href":"https:\/\/api.w.org\/{rel}","templated":true}]}}