{"id":2205,"date":"2012-03-26T22:34:23","date_gmt":"2012-03-26T21:34:23","guid":{"rendered":"http:\/\/www.caths.cz\/wordpress\/?p=2205"},"modified":"2012-03-26T22:34:23","modified_gmt":"2012-03-26T21:34:23","slug":"anketni-otazka-ziska-nas-sledge-hokejovy-tym-nekterou-z-medaili-na-ms-2012","status":"publish","type":"post","link":"https:\/\/www.caths.cz\/wordpress\/anketni-otazka-ziska-nas-sledge-hokejovy-tym-nekterou-z-medaili-na-ms-2012\/","title":{"rendered":"Anketn\u00ed ot\u00e1zka: Z\u00edsk\u00e1 n\u00e1\u0161 sledge hokejov\u00fd t\u00fdm n\u011bkterou z medail\u00ed na MS 2012?"},"content":{"rendered":"<p align=\"justify\">\nNaplno se rozb\u011bhly boje v z\u00e1kladn\u00edch skupin\u00e1ch sv\u011btov\u00e9ho \u0161ampion\u00e1tu sledge hokejist\u016f. A je v\u00edce ne\u017e nad\u011bjn\u00e9 sledovat \u00fasp\u011bchy na\u0161eho sympatick\u00e9ho t\u00fdmu.<br \/>\nVydr\u017e\u00ed na\u0161im chlapc\u016fm aktu\u00e1ln\u00ed forma i v dal\u0161\u00edch z\u00e1pasech?<\/p>\n<p align=\"justify\"> Z\u00edskaj\u00ed historick\u00fd \u00fasp\u011bch pro \u010desk\u00fd sledge hokej?<br \/> Dr\u017e\u00edme palce, kluci a VY hlasujte s n\u00e1mi v nov\u00e9 Anketn\u00ed ot\u00e1zce: <strong>Z\u00edsk\u00e1 n\u00e1\u0161 sledge hokejov\u00fd t\u00fdm n\u011bkterou z medail\u00ed na MS 2012? <\/strong> <\/p>\n","protected":false},"excerpt":{"rendered":"<a href=\"https:\/\/www.caths.cz\/wordpress\/anketni-otazka-ziska-nas-sledge-hokejovy-tym-nekterou-z-medaili-na-ms-2012\/\"><img loading=\"lazy\" decoding=\"async\" width=\"100\" height=\"100\" src=\"https:\/\/www.caths.cz\/wordpress\/wp-content\/plugins\/thumbnail-for-excerpts\/tfe_no_thumb.png\" class=\"alignleft wp-post-image tfe\" alt=\"\" title=\"\" \/><\/a><p>Naplno se rozb\u011bhly boje v z\u00e1kladn\u00edch skupin\u00e1ch sv\u011btov\u00e9ho \u0161ampion\u00e1tu sledge hokejist\u016f. A je v\u00edce ne\u017e nad\u011bjn\u00e9 sledovat \u00fasp\u011bchy na\u0161eho sympatick\u00e9ho t\u00fdmu. Vydr\u017e\u00ed na\u0161im chlapc\u016fm aktu\u00e1ln\u00ed forma i v dal\u0161\u00edch z\u00e1pasech? [&hellip;]<\/p>\n","protected":false},"author":1,"featured_media":0,"comment_status":"closed","ping_status":"closed","sticky":false,"template":"","format":"standard","meta":{"ngg_post_thumbnail":0,"footnotes":""},"categories":[39],"tags":[],"class_list":["post-2205","post","type-post","status-publish","format-standard","hentry","category-caths-anketa"],"_links":{"self":[{"href":"https:\/\/www.caths.cz\/wordpress\/wp-json\/wp\/v2\/posts\/2205","targetHints":{"allow":["GET"]}}],"collection":[{"href":"https:\/\/www.caths.cz\/wordpress\/wp-json\/wp\/v2\/posts"}],"about":[{"href":"https:\/\/www.caths.cz\/wordpress\/wp-json\/wp\/v2\/types\/post"}],"author":[{"embeddable":true,"href":"https:\/\/www.caths.cz\/wordpress\/wp-json\/wp\/v2\/users\/1"}],"replies":[{"embeddable":true,"href":"https:\/\/www.caths.cz\/wordpress\/wp-json\/wp\/v2\/comments?post=2205"}],"version-history":[{"count":0,"href":"https:\/\/www.caths.cz\/wordpress\/wp-json\/wp\/v2\/posts\/2205\/revisions"}],"wp:attachment":[{"href":"https:\/\/www.caths.cz\/wordpress\/wp-json\/wp\/v2\/media?parent=2205"}],"wp:term":[{"taxonomy":"category","embeddable":true,"href":"https:\/\/www.caths.cz\/wordpress\/wp-json\/wp\/v2\/categories?post=2205"},{"taxonomy":"post_tag","embeddable":true,"href":"https:\/\/www.caths.cz\/wordpress\/wp-json\/wp\/v2\/tags?post=2205"}],"curies":[{"name":"wp","href":"https:\/\/api.w.org\/{rel}","templated":true}]}}