{"id":2200,"date":"2012-03-23T22:53:18","date_gmt":"2012-03-23T21:53:18","guid":{"rendered":"http:\/\/www.caths.cz\/wordpress\/?p=2200"},"modified":"2012-03-23T22:53:18","modified_gmt":"2012-03-23T21:53:18","slug":"cesti-sledge-hokejiste-miri-do-hamaru-na-mistrovstvi-sveta","status":"publish","type":"post","link":"https:\/\/www.caths.cz\/wordpress\/cesti-sledge-hokejiste-miri-do-hamaru-na-mistrovstvi-sveta\/","title":{"rendered":"\u010ce\u0161t\u00ed sledge hokejist\u00e9 m\u00ed\u0159\u00ed do Hamaru na mistrovstv\u00ed sv\u011bta"},"content":{"rendered":"<p>Osm nejlep\u0161\u00edch t\u00fdm\u016f sv\u011bta ve sledge hokeji v\u010detn\u011b \u010desk\u00e9ho se sejde v p\u00e1tek v norsk\u00e9m Hamaru, d\u011bji\u0161ti mistrovstv\u00ed sv\u011bta ve sledge hokeji.\n<\/p>\n<p>V p\u00e1tek v brzk\u00fdch rann\u00edch hodin\u00e1ch odlet\u011bli \u010de\u0161t\u00ed hr\u00e1\u010di spolu se sv\u00fdm realiza\u010dn\u00edm t\u00fdmem do Norska. Mu\u017estvo tvo\u0159\u00ed 13 hr\u00e1\u010d\u016f &#8211; brank\u00e1\u0159i V\u00e1penka a Matou\u0161ek, \u00fato\u010dn\u00edci Fojt\u00edk, Geier, H\u00e1bl, Krupi\u010dka, Palat a \u0160afr\u00e1nek, a obr\u00e1nci Berger, Kube\u0161, Kvoch a Hrbek. Z mu\u017estva naposledn\u00ed chv\u00edli ze zdravotn\u00edch d\u016fvod\u016f vypadl Ji\u0159\u00ed Raul. <\/p>\n<p> V sobotu ve\u010der zah\u00e1j\u00ed mistrovstv\u00ed sv\u011bta slavnostn\u00ed ceremoni\u00e1l. Prvn\u00ed z\u00e1pas \u0161ampion\u00e1tu se odehraje v ned\u011bli, kdy\u017e v 9:00 r\u00e1no nastoup\u00ed do n\u011bj Estonsko proti USA. Ve skupin\u011b A m\u00e1 \u010cesk\u00e1 republika za soupe\u0159e USA, Japonsko a Estonsko. Skupinu B tvo\u0159\u00ed t\u00fdmy Norska, Kanady, It\u00e1lie a Korey. <\/p>\n<p> Na posledn\u00edm sv\u011btov\u00e9m \u0161ampion\u00e1tu, kter\u00fd se odehr\u00e1l v Ostrav\u011b v \u010cesk\u00e9 republice se stali Mistry sv\u011bta hr\u00e1\u010di USA, druz\u00ed skon\u010dili Norov\u00e9 a bronz vybojovala It\u00e1lie. <\/p>\n<p> Tabulku z\u00e1kladn\u00ed \u010d\u00e1sti MS naleznete <a href=\"http:\/\/www.caths.cz\/storage\/sledge_hokej\/2012_03_16 IPC ISH WCH Norway_Competition Schedule_updated.pdf\" target=\"_blank\"> zde<\/a> <\/p>\n","protected":false},"excerpt":{"rendered":"<a href=\"https:\/\/www.caths.cz\/wordpress\/cesti-sledge-hokejiste-miri-do-hamaru-na-mistrovstvi-sveta\/\"><img loading=\"lazy\" decoding=\"async\" width=\"100\" height=\"100\" src=\"https:\/\/www.caths.cz\/wordpress\/wp-content\/plugins\/thumbnail-for-excerpts\/tfe_no_thumb.png\" class=\"alignleft wp-post-image tfe\" alt=\"\" title=\"\" \/><\/a><p>Osm nejlep\u0161\u00edch t\u00fdm\u016f sv\u011bta ve sledge hokeji v\u010detn\u011b \u010desk\u00e9ho se sejde v p\u00e1tek v norsk\u00e9m Hamaru, d\u011bji\u0161ti mistrovstv\u00ed sv\u011bta ve sledge hokeji. V p\u00e1tek v brzk\u00fdch rann\u00edch hodin\u00e1ch odlet\u011bli \u010de\u0161t\u00ed [&hellip;]<\/p>\n","protected":false},"author":1,"featured_media":0,"comment_status":"closed","ping_status":"closed","sticky":false,"template":"","format":"standard","meta":{"ngg_post_thumbnail":0,"footnotes":""},"categories":[17],"tags":[],"class_list":["post-2200","post","type-post","status-publish","format-standard","hentry","category-sledge-hokej"],"_links":{"self":[{"href":"https:\/\/www.caths.cz\/wordpress\/wp-json\/wp\/v2\/posts\/2200","targetHints":{"allow":["GET"]}}],"collection":[{"href":"https:\/\/www.caths.cz\/wordpress\/wp-json\/wp\/v2\/posts"}],"about":[{"href":"https:\/\/www.caths.cz\/wordpress\/wp-json\/wp\/v2\/types\/post"}],"author":[{"embeddable":true,"href":"https:\/\/www.caths.cz\/wordpress\/wp-json\/wp\/v2\/users\/1"}],"replies":[{"embeddable":true,"href":"https:\/\/www.caths.cz\/wordpress\/wp-json\/wp\/v2\/comments?post=2200"}],"version-history":[{"count":0,"href":"https:\/\/www.caths.cz\/wordpress\/wp-json\/wp\/v2\/posts\/2200\/revisions"}],"wp:attachment":[{"href":"https:\/\/www.caths.cz\/wordpress\/wp-json\/wp\/v2\/media?parent=2200"}],"wp:term":[{"taxonomy":"category","embeddable":true,"href":"https:\/\/www.caths.cz\/wordpress\/wp-json\/wp\/v2\/categories?post=2200"},{"taxonomy":"post_tag","embeddable":true,"href":"https:\/\/www.caths.cz\/wordpress\/wp-json\/wp\/v2\/tags?post=2200"}],"curies":[{"name":"wp","href":"https:\/\/api.w.org\/{rel}","templated":true}]}}