{"id":2199,"date":"2012-03-22T00:35:31","date_gmt":"2012-03-21T23:35:31","guid":{"rendered":"http:\/\/www.caths.cz\/wordpress\/?p=2199"},"modified":"2012-03-22T00:35:31","modified_gmt":"2012-03-21T23:35:31","slug":"fotoreportaz-z-plaveckych-zavodu-hungaria-open","status":"publish","type":"post","link":"https:\/\/www.caths.cz\/wordpress\/fotoreportaz-z-plaveckych-zavodu-hungaria-open\/","title":{"rendered":"Fotoreport\u00e1\u017e z plaveck\u00fdch z\u00e1vod\u016f Hungaria Open"},"content":{"rendered":"<p>P\u0159in\u00e1\u0161\u00edme dal\u0161\u00ed fotoreport\u00e1\u017e Honzy Pov\u00fd\u0161ila z ned\u00e1vno prob\u011bhl\u00fdch mezin\u00e1rodn\u00edch plaveck\u00fdch z\u00e1vod\u016f, kter\u00e9ho se z\u00fa\u010dastnili na\u0161i plavci.<img decoding=\"async\" src=\"\/wordpress\/image\/sekretarky\/hungaria_plavani\/_MG_0942.jpg\"> <\/p>\n<p> <img decoding=\"async\" src=\"\/wordpress\/image\/sekretarky\/hungaria_plavani\/_MG_0954(2).jpg\"> <\/p>\n<p> <img decoding=\"async\" src=\"\/wordpress\/image\/sekretarky\/hungaria_plavani\/_MG_0956.jpg\"> <\/p>\n<p> <img decoding=\"async\" src=\"\/wordpress\/image\/sekretarky\/hungaria_plavani\/_MG_0979.jpg\"> <\/p>\n<p> <img decoding=\"async\" src=\"\/wordpress\/image\/sekretarky\/hungaria_plavani\/_MG_0999.jpg\"> <\/p>\n<p> <img decoding=\"async\" src=\"\/wordpress\/image\/sekretarky\/hungaria_plavani\/_MG_1033.jpg\"> <\/p>\n<p> <img decoding=\"async\" src=\"\/wordpress\/image\/sekretarky\/hungaria_plavani\/_MG_1064.jpg\"> <\/p>\n<p> <img decoding=\"async\" src=\"\/wordpress\/image\/sekretarky\/hungaria_plavani\/_MG_1085.jpg\"> <\/p>\n<p> <img decoding=\"async\" src=\"\/wordpress\/image\/sekretarky\/hungaria_plavani\/_MG_1103.jpg\"> <\/p>\n<p> <img decoding=\"async\" src=\"\/wordpress\/image\/sekretarky\/hungaria_plavani\/_MG_1136.jpg\"> <\/p>\n<p> <img decoding=\"async\" src=\"\/wordpress\/image\/sekretarky\/hungaria_plavani\/_MG_1154.jpg\"> <\/p>\n<p> <img decoding=\"async\" src=\"\/wordpress\/image\/sekretarky\/hungaria_plavani\/_MG_1209.jpg\"> <\/p>\n<p> <img decoding=\"async\" src=\"\/wordpress\/image\/sekretarky\/hungaria_plavani\/_MG_1217.jpg\"> <\/p>\n<p> <img decoding=\"async\" src=\"\/wordpress\/image\/sekretarky\/hungaria_plavani\/_MG_1246.jpg\"> <\/p>\n","protected":false},"excerpt":{"rendered":"<a href=\"https:\/\/www.caths.cz\/wordpress\/fotoreportaz-z-plaveckych-zavodu-hungaria-open\/\"><img loading=\"lazy\" decoding=\"async\" width=\"100\" height=\"100\" src=\"https:\/\/www.caths.cz\/wordpress\/wp-content\/plugins\/thumbnail-for-excerpts\/tfe_no_thumb.png\" class=\"alignleft wp-post-image tfe\" alt=\"\" title=\"\" \/><\/a><p>P\u0159in\u00e1\u0161\u00edme dal\u0161\u00ed fotoreport\u00e1\u017e Honzy Pov\u00fd\u0161ila z ned\u00e1vno prob\u011bhl\u00fdch mezin\u00e1rodn\u00edch plaveck\u00fdch z\u00e1vod\u016f, kter\u00e9ho se z\u00fa\u010dastnili na\u0161i plavci.<\/p>\n","protected":false},"author":1,"featured_media":0,"comment_status":"closed","ping_status":"closed","sticky":false,"template":"","format":"standard","meta":{"ngg_post_thumbnail":0,"footnotes":""},"categories":[8],"tags":[],"class_list":["post-2199","post","type-post","status-publish","format-standard","hentry","category-fotoreporty"],"_links":{"self":[{"href":"https:\/\/www.caths.cz\/wordpress\/wp-json\/wp\/v2\/posts\/2199","targetHints":{"allow":["GET"]}}],"collection":[{"href":"https:\/\/www.caths.cz\/wordpress\/wp-json\/wp\/v2\/posts"}],"about":[{"href":"https:\/\/www.caths.cz\/wordpress\/wp-json\/wp\/v2\/types\/post"}],"author":[{"embeddable":true,"href":"https:\/\/www.caths.cz\/wordpress\/wp-json\/wp\/v2\/users\/1"}],"replies":[{"embeddable":true,"href":"https:\/\/www.caths.cz\/wordpress\/wp-json\/wp\/v2\/comments?post=2199"}],"version-history":[{"count":0,"href":"https:\/\/www.caths.cz\/wordpress\/wp-json\/wp\/v2\/posts\/2199\/revisions"}],"wp:attachment":[{"href":"https:\/\/www.caths.cz\/wordpress\/wp-json\/wp\/v2\/media?parent=2199"}],"wp:term":[{"taxonomy":"category","embeddable":true,"href":"https:\/\/www.caths.cz\/wordpress\/wp-json\/wp\/v2\/categories?post=2199"},{"taxonomy":"post_tag","embeddable":true,"href":"https:\/\/www.caths.cz\/wordpress\/wp-json\/wp\/v2\/tags?post=2199"}],"curies":[{"name":"wp","href":"https:\/\/api.w.org\/{rel}","templated":true}]}}