{"id":2198,"date":"2012-03-21T08:07:53","date_gmt":"2012-03-21T07:07:53","guid":{"rendered":"http:\/\/www.caths.cz\/wordpress\/?p=2198"},"modified":"2012-03-21T08:07:53","modified_gmt":"2012-03-21T07:07:53","slug":"londyn-nabizi-vetsi-kapacity-ubytovani-pro-fanousky-letni-paralympiady","status":"publish","type":"post","link":"https:\/\/www.caths.cz\/wordpress\/londyn-nabizi-vetsi-kapacity-ubytovani-pro-fanousky-letni-paralympiady\/","title":{"rendered":"Lond\u00fdn nab\u00edz\u00ed v\u011bt\u0161\u00ed kapacity ubytov\u00e1n\u00ed pro fanou\u0161ky letn\u00ed Paralympi\u00e1dy"},"content":{"rendered":"<p align=\"justify\">   R\u00e1di bychom V\u00e1s informovali o nab\u00eddk\u00e1ch ubytov\u00e1n\u00ed pro rodinn\u00e9 p\u0159\u00edslu\u0161n\u00edky, p\u0159\u00e1tele a fanou\u0161ky sportovc\u016f, kte\u0159\u00ed se z\u00fa\u010dastn\u00ed paralympijsk\u00fdch her v Lond\u00fdn\u011b 2012.\n<\/p>\n<p align=\"justify\"> V pr\u016fb\u011bhu letn\u00edch Olympijsk\u00fdch i Paralympijsk\u00fdch her bude Lond\u00fdn nesporn\u011b jedn\u00edm z nejvyhled\u00e1van\u011bj\u0161\u00edch m\u011bst sv\u011bta. Na n\u00e1por statis\u00edc\u016f n\u00e1v\u0161t\u011bvn\u00edk\u016f se p\u0159ipravuj\u00ed i ubytovac\u00ed kapacity v\u0161ech kvalitativn\u00edch \u00farovn\u00ed. <\/p>\n<p> Pro ty z V\u00e1s, kte\u0159\u00ed se do Lond\u00fdna chystaj\u00ed podpo\u0159it \u010desk\u00e9 sportovce, p\u0159in\u00e1\u0161\u00edme informace k mo\u017enostem ubytov\u00e1n\u00ed v pr\u016fb\u011bhu t\u011bchto vrcholn\u00fdch sportovn\u00edch akc\u00ed. <\/p>\n<p> Jednou z mo\u017enost\u00ed je vyu\u017eit\u00ed ubytov\u00e1n\u00ed na Universit\u011b V\u00fdchodn\u00ed Lond\u00fdn, kde je kapacita cca 1200 l\u016f\u017eek a are\u00e1l University je vzd\u00e1len 10 minut p\u011b\u0161ky od are\u00e1lu Excel (stoln\u00ed tenis, boccia)a 12 minut j\u00edzdy s DLR (vlak, kter\u00fd kyvadlov\u011b zaji\u0161\u0165uje p\u0159epravu v Lond\u00fdn\u011b) od Olympijsk\u00e9ho parku.<br \/> Podrobnosti naleznete <a href=\"http:\/\/www.caths.cz\/storage\/londyn\/Londyn_ubytovani_nabidka_East London University.pdf\" target=\"_blank\"> zde<\/a> <\/p>\n<p> Dal\u0161\u00ed mo\u017enost\u00ed ubytov\u00e1n\u00ed nab\u00edz\u00ed agentura Sports Entertainment Intelligence. K dispozici maj\u00ed cca 2800 l\u016f\u017eek v bytech nebo soukrom\u00fdch objektech v cen\u011b od 50 Liber na den.<br \/> Podrobnosti naleznete <a href=\"http:\/\/www.caths.cz\/storage\/londyn\/SEI_2012accommodation.pdf\" target=\"_blank\"> zde<\/a> <\/p>\n<p> <img decoding=\"async\" src=\"image\/londyn\/East_London_University.jpg\"> <\/p>\n","protected":false},"excerpt":{"rendered":"<a href=\"https:\/\/www.caths.cz\/wordpress\/londyn-nabizi-vetsi-kapacity-ubytovani-pro-fanousky-letni-paralympiady\/\"><img loading=\"lazy\" decoding=\"async\" width=\"100\" height=\"100\" src=\"https:\/\/www.caths.cz\/wordpress\/wp-content\/plugins\/thumbnail-for-excerpts\/tfe_no_thumb.png\" class=\"alignleft wp-post-image tfe\" alt=\"\" title=\"\" \/><\/a><p>R\u00e1di bychom V\u00e1s informovali o nab\u00eddk\u00e1ch ubytov\u00e1n\u00ed pro rodinn\u00e9 p\u0159\u00edslu\u0161n\u00edky, p\u0159\u00e1tele a fanou\u0161ky sportovc\u016f, kte\u0159\u00ed se z\u00fa\u010dastn\u00ed paralympijsk\u00fdch her v Lond\u00fdn\u011b 2012. V pr\u016fb\u011bhu letn\u00edch Olympijsk\u00fdch i Paralympijsk\u00fdch her bude [&hellip;]<\/p>\n","protected":false},"author":1,"featured_media":0,"comment_status":"closed","ping_status":"closed","sticky":false,"template":"","format":"standard","meta":{"ngg_post_thumbnail":0,"footnotes":""},"categories":[41],"tags":[],"class_list":["post-2198","post","type-post","status-publish","format-standard","hentry","category-lph-londyn-2012"],"_links":{"self":[{"href":"https:\/\/www.caths.cz\/wordpress\/wp-json\/wp\/v2\/posts\/2198","targetHints":{"allow":["GET"]}}],"collection":[{"href":"https:\/\/www.caths.cz\/wordpress\/wp-json\/wp\/v2\/posts"}],"about":[{"href":"https:\/\/www.caths.cz\/wordpress\/wp-json\/wp\/v2\/types\/post"}],"author":[{"embeddable":true,"href":"https:\/\/www.caths.cz\/wordpress\/wp-json\/wp\/v2\/users\/1"}],"replies":[{"embeddable":true,"href":"https:\/\/www.caths.cz\/wordpress\/wp-json\/wp\/v2\/comments?post=2198"}],"version-history":[{"count":0,"href":"https:\/\/www.caths.cz\/wordpress\/wp-json\/wp\/v2\/posts\/2198\/revisions"}],"wp:attachment":[{"href":"https:\/\/www.caths.cz\/wordpress\/wp-json\/wp\/v2\/media?parent=2198"}],"wp:term":[{"taxonomy":"category","embeddable":true,"href":"https:\/\/www.caths.cz\/wordpress\/wp-json\/wp\/v2\/categories?post=2198"},{"taxonomy":"post_tag","embeddable":true,"href":"https:\/\/www.caths.cz\/wordpress\/wp-json\/wp\/v2\/tags?post=2198"}],"curies":[{"name":"wp","href":"https:\/\/api.w.org\/{rel}","templated":true}]}}