{"id":21973,"date":"2015-09-28T19:48:40","date_gmt":"2015-09-28T18:48:40","guid":{"rendered":"http:\/\/www.caths.cz\/wordpress\/?p=21973"},"modified":"2015-09-28T19:48:40","modified_gmt":"2015-09-28T18:48:40","slug":"jiri-jezek-se-rok-od-vazneho-urazu-znovu-vratil-na-stupne-vitezu-ve-finalovem-zavode-evropskeho-poharu-v-praze-na-strahove-obsadil-treti-misto","status":"publish","type":"post","link":"https:\/\/www.caths.cz\/wordpress\/jiri-jezek-se-rok-od-vazneho-urazu-znovu-vratil-na-stupne-vitezu-ve-finalovem-zavode-evropskeho-poharu-v-praze-na-strahove-obsadil-treti-misto\/","title":{"rendered":"Ji\u0159\u00ed Je\u017eek se rok od v\u00e1\u017en\u00e9ho \u00farazu znovu vr\u00e1til na stupn\u011b v\u00edt\u011bz\u016f, ve fin\u00e1lov\u00e9m z\u00e1vod\u011b Evropsk\u00e9ho poh\u00e1ru v Praze na Strahov\u011b obsadil t\u0159et\u00ed m\u00edsto!"},"content":{"rendered":"<p>Pra\u017esk\u00fd Strahov byl u\u017e po \u0161est\u00e9 d\u011bji\u0161t\u011bm v\u00fdjime\u010dn\u00e9, integra\u010dn\u00ed sportovn\u00ed akce, fin\u00e1lov\u00e9ho z\u00e1vodu Evropsk\u00e9ho poh\u00e1ru handicapovan\u00fdch cyklist\u016f a fin\u00e1lov\u00e9ho z\u00e1vodu \u010cesk\u00e9ho poh\u00e1ru ml\u00e1de\u017ee a \u017een na silnici.<br \/>\nDvoudenn\u00ed z\u00e1vodn\u00ed program, kdy na sebe po cel\u00fd den navazuj\u00ed z\u00e1vody jednotliv\u00fdch kategori\u00ed p\u0159il\u00e1kal na start stovky v\u00fdkonnostn\u00edch cyklist\u016f.<br \/>\nMlad\u00ed z\u00e1vodn\u00edci a \u017eeny bojovali o v\u00edt\u011bzstv\u00ed nejenom v\u00a0presti\u017en\u00edm z\u00e1vod\u011b, ale p\u0159edev\u0161\u00edm o celkov\u00e9 um\u00edst\u011bn\u00ed v\u00a0\u010cesk\u00e9m poh\u00e1ru za rok 2015.<\/p>\n<p>Handicapovan\u00ed z\u00e1vodn\u00edci m\u011bli motivaci je\u0161t\u011b v\u011bt\u0161\u00ed, na Strahov\u011b se rozd\u011blovaly jedny z\u00a0posledn\u00edch d\u016fle\u017eit\u00fdch bod\u016f pro paralympijskou kvalifikaci v\u00a0Rio de Janeiru.<br \/>\nVelik\u00fd respekt si z\u00edskal nej\u00fasp\u011b\u0161n\u011bj\u0161\u00ed handicapovan\u00fd cyklista sv\u011bta Ji\u0159\u00ed Je\u017eek. V\u00a0ned\u011bln\u00ed \u010dasovce zaostal pouh\u00fdch 0,4 sekundy za v\u00edt\u011bzem kategorie C4, \u00fa\u0159aduj\u00edc\u00edm mistrem sv\u011bta Patrikem Kurilem ze Slovenska a v\u00a0celkov\u00e9m po\u0159ad\u00ed fin\u00e1lov\u00e9ho z\u00e1vodu Evropsk\u00e9ho poh\u00e1ru handicapovan\u00fdch cyklist\u016f, kdy se s\u010d\u00edtaj\u00ed v\u00fdsledky silni\u010dn\u00edho z\u00e1vodu a \u010dasovky se posunul na kone\u010dn\u00e9 t\u0159et\u00ed m\u00edsto. Rok od v\u00e1\u017en\u00e9ho \u00farazu p\u0159i z\u00e1vod\u011b mistrovstv\u00ed sv\u011bta USA, s mnoha\u00a0trval\u00fdmi n\u00e1sledky, se tak Ji\u0159\u00ed Je\u017eek dok\u00e1zal znovu vr\u00e1tit zp\u011bt na stupn\u011b v\u00edt\u011bz\u016f p\u0159i vrcholn\u00e9 cyklistick\u00e9 akci\u2026<\/p>\n<p>I ostatn\u00edm \u010desk\u00fdm reprezentant\u016fm se v\u00a0Praze da\u0159ilo a \u010desk\u00fd t\u00fdm t\u011blesn\u011b handicapovan\u00fdch cyklist\u016f znovu potvrdil svou p\u0159\u00edslu\u0161nost k\u00a0absolutn\u00ed sv\u011btov\u00e9 \u0161pi\u010dce. Celkov\u00e9 prvenstv\u00ed v\u00a0pra\u017esk\u00e9m z\u00e1vod\u011b slavila Tereza Diepoldov\u00e1 v\u00a0kategorii C2 a tricyklista David Vondr\u00e1\u010dek T2. St\u0159\u00edbrn\u00e9 medaile vybojovali Ivo Koblasa v kategorii C2, Tom\u00e1\u0161 Kajnar C5, handbiker Patrik Jahoda H1 a bronz Kate\u0159ina Anto\u0161ov\u00e1 H3, Tom\u00e1\u0161 Mo\u0161ni\u010dka H3 a tricyklista Ji\u0159\u00ed Hindr T1.<\/p>\n<p>V\u00a0elitn\u00ed kategorii \u017een zv\u00edt\u011bzila Pavla Havl\u00edkov\u00e1 p\u0159ed Barborou Pr\u016fdkovou a Anetou Rotterovou.<\/p>\n<p>V\u00fdsledky silni\u010dn\u00edho z\u00e1vodu v\u0161ech kategori\u00ed na\u00a0<a href=\"http:\/\/championchip.cz\/new\/akce.php?idakce=2015092620\">ZDE<\/a><br \/>\nV\u00fdsledky \u010dasovky v\u0161ech kategori\u00ed na\u00a0\u00a0<a href=\"http:\/\/championchip.cz\/new\/akce.php?idakce=2015092720\">ZDE<\/a><\/p>\n<p><a href=\"http:\/\/www.caths.cz\/wordpress\/wp-content\/uploads\/2015\/09\/ecp2015_4-179.jpg\"><img loading=\"lazy\" decoding=\"async\" class=\"alignnone size-full wp-image-21974\" src=\"http:\/\/www.caths.cz\/wordpress\/wp-content\/uploads\/2015\/09\/ecp2015_4-179.jpg\" alt=\"ecp2015_4 179\" width=\"667\" height=\"1000\" srcset=\"https:\/\/www.caths.cz\/wordpress\/wp-content\/uploads\/2015\/09\/ecp2015_4-179.jpg 667w, https:\/\/www.caths.cz\/wordpress\/wp-content\/uploads\/2015\/09\/ecp2015_4-179-200x300.jpg 200w, https:\/\/www.caths.cz\/wordpress\/wp-content\/uploads\/2015\/09\/ecp2015_4-179-80x120.jpg 80w\" sizes=\"auto, (max-width: 667px) 100vw, 667px\" \/><\/a> <a href=\"http:\/\/www.caths.cz\/wordpress\/wp-content\/uploads\/2015\/09\/20150927_114033.jpg\"><img loading=\"lazy\" decoding=\"async\" class=\"alignnone size-large wp-image-21975\" src=\"http:\/\/www.caths.cz\/wordpress\/wp-content\/uploads\/2015\/09\/20150927_114033-1024x768.jpg\" alt=\"20150927_114033\" width=\"600\" height=\"450\" srcset=\"https:\/\/www.caths.cz\/wordpress\/wp-content\/uploads\/2015\/09\/20150927_114033-1024x768.jpg 1024w, https:\/\/www.caths.cz\/wordpress\/wp-content\/uploads\/2015\/09\/20150927_114033-300x225.jpg 300w, https:\/\/www.caths.cz\/wordpress\/wp-content\/uploads\/2015\/09\/20150927_114033-120x90.jpg 120w\" sizes=\"auto, (max-width: 600px) 100vw, 600px\" \/><\/a><\/p>\n<p><strong><em>\u00a0\u00a0\u00a0\u00a0\u00a0<\/em><\/strong><br \/>\n<strong><em>\u00a0<\/em><\/strong><\/p>\n","protected":false},"excerpt":{"rendered":"<a href=\"https:\/\/www.caths.cz\/wordpress\/jiri-jezek-se-rok-od-vazneho-urazu-znovu-vratil-na-stupne-vitezu-ve-finalovem-zavode-evropskeho-poharu-v-praze-na-strahove-obsadil-treti-misto\/\"><img width=\"100\" height=\"100\" src=\"https:\/\/www.caths.cz\/wordpress\/wp-content\/uploads\/2015\/09\/ecp2015_4-179-100x100.jpg\" class=\"alignleft tfe wp-post-image\" alt=\"\" decoding=\"async\" loading=\"lazy\" srcset=\"https:\/\/www.caths.cz\/wordpress\/wp-content\/uploads\/2015\/09\/ecp2015_4-179-100x100.jpg 100w, https:\/\/www.caths.cz\/wordpress\/wp-content\/uploads\/2015\/09\/ecp2015_4-179-150x150.jpg 150w\" sizes=\"auto, (max-width: 100px) 100vw, 100px\" \/><\/a><p>Pra\u017esk\u00fd Strahov byl u\u017e po \u0161est\u00e9 d\u011bji\u0161t\u011bm v\u00fdjime\u010dn\u00e9, integra\u010dn\u00ed sportovn\u00ed akce, fin\u00e1lov\u00e9ho z\u00e1vodu Evropsk\u00e9ho poh\u00e1ru handicapovan\u00fdch cyklist\u016f a fin\u00e1lov\u00e9ho z\u00e1vodu \u010cesk\u00e9ho poh\u00e1ru ml\u00e1de\u017ee a \u017een na silnici. Dvoudenn\u00ed z\u00e1vodn\u00ed program, [&hellip;]<\/p>\n","protected":false},"author":1,"featured_media":21974,"comment_status":"closed","ping_status":"closed","sticky":false,"template":"","format":"standard","meta":{"ngg_post_thumbnail":0,"footnotes":""},"categories":[2,9],"tags":[],"class_list":["post-21973","post","type-post","status-publish","format-standard","has-post-thumbnail","hentry","category-cyklistika","category-handbike"],"_links":{"self":[{"href":"https:\/\/www.caths.cz\/wordpress\/wp-json\/wp\/v2\/posts\/21973","targetHints":{"allow":["GET"]}}],"collection":[{"href":"https:\/\/www.caths.cz\/wordpress\/wp-json\/wp\/v2\/posts"}],"about":[{"href":"https:\/\/www.caths.cz\/wordpress\/wp-json\/wp\/v2\/types\/post"}],"author":[{"embeddable":true,"href":"https:\/\/www.caths.cz\/wordpress\/wp-json\/wp\/v2\/users\/1"}],"replies":[{"embeddable":true,"href":"https:\/\/www.caths.cz\/wordpress\/wp-json\/wp\/v2\/comments?post=21973"}],"version-history":[{"count":1,"href":"https:\/\/www.caths.cz\/wordpress\/wp-json\/wp\/v2\/posts\/21973\/revisions"}],"predecessor-version":[{"id":21976,"href":"https:\/\/www.caths.cz\/wordpress\/wp-json\/wp\/v2\/posts\/21973\/revisions\/21976"}],"wp:featuredmedia":[{"embeddable":true,"href":"https:\/\/www.caths.cz\/wordpress\/wp-json\/wp\/v2\/media\/21974"}],"wp:attachment":[{"href":"https:\/\/www.caths.cz\/wordpress\/wp-json\/wp\/v2\/media?parent=21973"}],"wp:term":[{"taxonomy":"category","embeddable":true,"href":"https:\/\/www.caths.cz\/wordpress\/wp-json\/wp\/v2\/categories?post=21973"},{"taxonomy":"post_tag","embeddable":true,"href":"https:\/\/www.caths.cz\/wordpress\/wp-json\/wp\/v2\/tags?post=21973"}],"curies":[{"name":"wp","href":"https:\/\/api.w.org\/{rel}","templated":true}]}}