{"id":2197,"date":"2012-03-20T00:00:37","date_gmt":"2012-03-19T23:00:37","guid":{"rendered":"http:\/\/www.caths.cz\/wordpress\/?p=2197"},"modified":"2012-03-20T00:00:37","modified_gmt":"2012-03-19T23:00:37","slug":"5kolo-ligy-curlingu","status":"publish","type":"post","link":"https:\/\/www.caths.cz\/wordpress\/5kolo-ligy-curlingu\/","title":{"rendered":"5.kolo ligy curlingu"},"content":{"rendered":"<p align=\"justify\"> V sobotu 10.3.2012 prob\u011bhlo posledn\u00ed kolo Ligy curlingu 2011\/2012 . Jak prob\u00edhalo, se dozv\u00edte ze zpr\u00e1vy Jany B\u0159in\u010dilov\u00e9:<\/p>\n<p align=\"justify\"> Ze zdravotn\u00edch d\u016fvod\u016f s n\u00e1mi nemohl hr\u00e1t n\u00e1\u0161 kamar\u00e1d Martin Tluk a tak jsme upravili rozlo\u017een\u00ed odhod\u016f na prvn\u00ed t\u0159i kameny pro m\u011b, dal\u0161\u00ed t\u0159i kameny h\u00e1zel Radek a posledn\u00ed dva z\u00e1v\u011bre\u010dn\u00e9 kameny Lu\u010fa. V tomto provizorn\u011b poskl\u00e1dan\u00e9m slo\u017een\u00ed se n\u00e1m da\u0159ilo velmi dob\u0159e. <\/p>\n<p> Prvn\u00ed z\u00e1pas jsme sehr\u00e1li s t\u00fdmem Velk\u00e9ho Mezi\u0159\u00ed\u010d\u00ed. Na soupe\u0159e jsme se vrhli hned od za\u010d\u00e1tku p\u0159esn\u00fdmi kameny. Z\u00e1pas jsme s p\u0159ehledem dr\u017eeli ve sv\u00fdch ot\u011b\u017e\u00edch a vyhr\u00e1li 9:3. <\/p>\n<p> Druh\u00fd z\u00e1pas proti na\u0161emu klubov\u00e9mu t\u00fdmu Nov\u00e9 M\u011bsto B pat\u0159il mezi leh\u010d\u00ed. Posiln\u011bni dobr\u00fdm ob\u011bdem jsme kamar\u00e1d\u016fm nad\u011blili vysokou por\u00e1\u017eku 15:2. Po tomto z\u00e1pase jsme m\u011bli pouze 30.minut pauzu, co\u017e je velmi kr\u00e1tk\u00e1 doba na na\u010derp\u00e1n\u00ed sil, kter\u00e9 jsme nutn\u011b pot\u0159ebovali na siln\u00e9ho soupe\u0159e z N\u011bmecka. <\/p>\n<p> Do z\u00e1pasu jsme nastoupili s chut\u00ed. Sehr\u00e1li jsme vyrovnanou bitvu. Oba t\u00fdmy jsme d\u011blaly pom\u011brn\u011b dost chyb. T\u011b\u017eko hodnotit, zda soupe\u0159 chyboval \u00fanavou, ale na n\u00e1s u\u017e \u00fanava zap\u016fsobila a nakonec n\u00e1s i p\u0159emohla. Z\u00e1pas jsme bohu\u017eel prohr\u00e1li v\u00fdsledkem 2:9. <\/p>\n<p> Po tomto posledn\u00edm kole prob\u011bhlo vyhl\u00e1\u0161en\u00ed v\u00fdsledk\u016f ligov\u00e9ho kl\u00e1n\u00ed a n\u00e1\u0161 t\u00fdm Nov\u00e9 M\u011bsto A postoupil z druh\u00e9ho m\u00edsta do hlavn\u00edho boje o titul Mistra \u010cR se zahrani\u010dn\u00ed \u00fa\u010dast\u00ed, kter\u00e9 se bude konat 28-29.dubna. O titul mistra se utk\u00e1 prvn\u00edch \u0161est t\u00fdm\u016f z\u00e1kladn\u00ed \u010d\u00e1sti. <\/p>\n<p> Po\u0159ad\u00ed t\u00fdm\u016f po 5.kole : <\/p>\n<p> 1.m\u00edsto Slovensko<br \/> 2.m\u00edsto Nov\u00e9 M\u011bsto A<br \/> 3.m\u00edsto Jedli\u010dk\u016fv \u00fastav Praha A<br \/> 4.m\u00edsto Velk\u00e9 Mezi\u0159\u00ed\u010d\u00ed<br \/> 5.m\u00edsto Polsko<br \/> 6.m\u00edsto N\u011bmecko<br \/> Nepostupuj\u00edc\u00ed t\u00fdmy:<br \/> 7.m\u00edsto Jedli\u010dk\u016fv \u00fastav Praha B<br \/> 8.m\u00edsto Nov\u00e9 M\u011bsto B<\/p>\n<p> Zhodnot\u00edme-li 5.-t\u00e9 kolo, jsme spokojeni ze sv\u00fdch p\u0159edveden\u00fdch v\u00fdkon\u016f a vybojov\u00e1n\u00ed druh\u00e9ho m\u00edsta.<\/p>\n<p> <img decoding=\"async\" src=\"\/wordpress\/image\/sekretarky\/curling\/liga curling_zaverecne poradi.jpg\"> <\/p>\n","protected":false},"excerpt":{"rendered":"<a href=\"https:\/\/www.caths.cz\/wordpress\/5kolo-ligy-curlingu\/\"><img loading=\"lazy\" decoding=\"async\" width=\"100\" height=\"100\" src=\"https:\/\/www.caths.cz\/wordpress\/wp-content\/plugins\/thumbnail-for-excerpts\/tfe_no_thumb.png\" class=\"alignleft wp-post-image tfe\" alt=\"\" title=\"\" \/><\/a><p>V sobotu 10.3.2012 prob\u011bhlo posledn\u00ed kolo Ligy curlingu 2011\/2012 . Jak prob\u00edhalo, se dozv\u00edte ze zpr\u00e1vy Jany B\u0159in\u010dilov\u00e9: Ze zdravotn\u00edch d\u016fvod\u016f s n\u00e1mi nemohl hr\u00e1t n\u00e1\u0161 kamar\u00e1d Martin Tluk a [&hellip;]<\/p>\n","protected":false},"author":1,"featured_media":0,"comment_status":"closed","ping_status":"closed","sticky":false,"template":"","format":"standard","meta":{"ngg_post_thumbnail":0,"footnotes":""},"categories":[7],"tags":[],"class_list":["post-2197","post","type-post","status-publish","format-standard","hentry","category-curling"],"_links":{"self":[{"href":"https:\/\/www.caths.cz\/wordpress\/wp-json\/wp\/v2\/posts\/2197","targetHints":{"allow":["GET"]}}],"collection":[{"href":"https:\/\/www.caths.cz\/wordpress\/wp-json\/wp\/v2\/posts"}],"about":[{"href":"https:\/\/www.caths.cz\/wordpress\/wp-json\/wp\/v2\/types\/post"}],"author":[{"embeddable":true,"href":"https:\/\/www.caths.cz\/wordpress\/wp-json\/wp\/v2\/users\/1"}],"replies":[{"embeddable":true,"href":"https:\/\/www.caths.cz\/wordpress\/wp-json\/wp\/v2\/comments?post=2197"}],"version-history":[{"count":0,"href":"https:\/\/www.caths.cz\/wordpress\/wp-json\/wp\/v2\/posts\/2197\/revisions"}],"wp:attachment":[{"href":"https:\/\/www.caths.cz\/wordpress\/wp-json\/wp\/v2\/media?parent=2197"}],"wp:term":[{"taxonomy":"category","embeddable":true,"href":"https:\/\/www.caths.cz\/wordpress\/wp-json\/wp\/v2\/categories?post=2197"},{"taxonomy":"post_tag","embeddable":true,"href":"https:\/\/www.caths.cz\/wordpress\/wp-json\/wp\/v2\/tags?post=2197"}],"curies":[{"name":"wp","href":"https:\/\/api.w.org\/{rel}","templated":true}]}}