{"id":21968,"date":"2015-09-23T12:26:19","date_gmt":"2015-09-23T11:26:19","guid":{"rendered":"http:\/\/www.caths.cz\/wordpress\/?p=21968"},"modified":"2015-09-23T12:28:14","modified_gmt":"2015-09-23T11:28:14","slug":"prazsky-strahov-se-chysta-na-vyznamny-cyklisticky-svatek","status":"publish","type":"post","link":"https:\/\/www.caths.cz\/wordpress\/prazsky-strahov-se-chysta-na-vyznamny-cyklisticky-svatek\/","title":{"rendered":"Pra\u017esk\u00fd Strahov se chyst\u00e1 na v\u00fdznamn\u00fd cyklistick\u00fd sv\u00e1tek"},"content":{"rendered":"<p>V\u00fdznamn\u00fd sportovn\u00ed podnik se chyst\u00e1 na pra\u017esk\u00e9m Strahov\u011b.\u00a0 Ve dnech 26. \u2013 27. z\u00e1\u0159\u00ed se zde uskute\u010dn\u00ed v\u00fdznamn\u00e1 cyklistick\u00e1 akce, Fin\u00e1le Evropsk\u00e9ho poh\u00e1ru handicapovan\u00fdch cyklist\u016f a Fin\u00e1le \u010cesk\u00e9ho poh\u00e1ru ml\u00e1de\u017ee a \u017een v\u00a0silni\u010dn\u00ed cyklistice. Propojen\u00edm v\u00fdznamn\u00e9 tuzemsk\u00e9 cyklistick\u00e9 akce s\u00a0vrcholn\u00fdm mezin\u00e1rodn\u00edm podnikem handicapovan\u00fdch cyklist\u016f, za\u0159azen\u00fdm do vysok\u00e9 kategorie C1 UCI vznik\u00e1 sportovn\u00ed ud\u00e1lost, kter\u00e1 nem\u00e1 v\u00a0\u010cesk\u00e9 republice, ale ani v\u00a0zahrani\u010d\u00ed obdobu a svou velikost\u00ed se \u0159ad\u00ed k\u00a0nejv\u011bt\u0161\u00edm cyklistick\u00fdm podnik\u016fm integra\u010dn\u00edho charakteru na sv\u011bt\u011b.<\/p>\n<p>Hlavn\u00edm po\u0159adatelem cel\u00e9 akce je Sportovn\u00ed klub cyklist\u016f Praha Nutrend Specialized a mana\u017eerka tohoto klubu, Jarka Krakovi\u010dov\u00e1 informuje: <strong><em>\u201e Pro Evropsk\u00fd poh\u00e1r m\u00e1me v\u00a0tuto chv\u00edli p\u0159ihl\u00e1\u0161en\u00e9 n\u00e1rodn\u00ed t\u00fdmy i jednotlivce z\u00a0mnoha zem\u00ed, d\u016fvodem je samoz\u0159ejm\u011b mezin\u00e1rodn\u00ed v\u00fdznam z\u00e1vodu a tak\u00e9 jedna z\u00a0posledn\u00edch \u0161anc\u00ed z\u00edskat body pro paralympijsk\u00e9 hry v\u00a0Rio de Janeiru. Na Strahov\u011b se tedy p\u0159edstav\u00ed hned n\u011bkolik \u00fa\u0159aduj\u00edc\u00edch mistr\u016f sv\u011bta v\u00a0jednotliv\u00fdch kategori\u00edch handicapovan\u00fdch cyklist\u016f, v\u010detn\u011b kompletn\u00edho n\u00e1rodn\u00edho t\u00fdmu \u010cesk\u00e9 republiky i se v\u0161emi sv\u00fdmi hv\u011bzdami \u2013 Ji\u0159\u00edm Je\u017ekem, Terezou Diepoldovou, Ivem Koblasou, Tom\u00e1\u0161em Kajnarem, Michalem Starkem \u010di handbikery, Kate\u0159inou Anto\u0161ovou a Patrikem Jahodou. Fin\u00e1lov\u00fd z\u00e1vod \u010cesk\u00e9ho poh\u00e1ru ml\u00e1de\u017ee o\u010dek\u00e1v\u00e1 start kompletn\u00ed \u010desk\u00e9 ml\u00e1de\u017enick\u00e9 \u0161pi\u010dky, tentokr\u00e1t i v\u010detn\u011b na\u0161ich p\u0159edn\u00edch biker\u016f a dr\u00e1ha\u0159\u016f a velmi zaj\u00edmav\u00fd bude tak\u00e9 fin\u00e1lov\u00fd z\u00e1vod \u017een, kde se v\u00a0souboji s\u00a0\u010deskou silni\u010d\u00e1\u0159skou elitou p\u0159edstav\u00ed bronzov\u00e1 medailistka ME ze \u0161tafety horsk\u00fdch kol, mladi\u010dk\u00e1 Barbora Pr\u016fdkov\u00e1 z\u00a0t\u00fdmu Nutrend Specialized Racing.\u201c<\/em><\/strong><\/p>\n<p>Strahovsk\u00fd z\u00e1vod se postupn\u011b st\u00e1v\u00e1 mezin\u00e1rodn\u00ed tradic\u00ed, uskute\u010dn\u00ed se u\u017e jako \u0161est\u00fd ro\u010dn\u00edk. Po\u0159adatel\u00e9 o\u010dek\u00e1vaj\u00ed, \u017ee se na Strahov\u011b postupn\u011b postav\u00ed na startovn\u00ed \u010d\u00e1ru p\u0159es 700 v\u00fdkonnostn\u00edch cyklist\u016f.<\/p>\n<p>Nad z\u00e1vodem p\u0159evzal z\u00e1\u0161titu Magistr\u00e1t Hlavn\u00edho m\u011bsta Prahy a tak\u00e9 starostka M\u011bstsk\u00e9 \u010d\u00e1sti Praha 6.<\/p>\n<p>V\u00edce informac\u00ed <a href=\"http:\/\/www.caths.cz\">www.caths.cz<\/a> a <a href=\"http:\/\/www.skcpraha.cz\">www.skcpraha.cz<\/a><\/p>\n<p><a href=\"http:\/\/www.caths.cz\/wordpress\/wp-content\/uploads\/2015\/09\/NEW-logo-UCI_bez-roku.jpg\"><img loading=\"lazy\" decoding=\"async\" class=\"alignnone size-large wp-image-21969\" src=\"http:\/\/www.caths.cz\/wordpress\/wp-content\/uploads\/2015\/09\/NEW-logo-UCI_bez-roku-1024x463.jpg\" alt=\"NEW logo UCI_bez roku\" width=\"600\" height=\"271\" srcset=\"https:\/\/www.caths.cz\/wordpress\/wp-content\/uploads\/2015\/09\/NEW-logo-UCI_bez-roku-1024x463.jpg 1024w, https:\/\/www.caths.cz\/wordpress\/wp-content\/uploads\/2015\/09\/NEW-logo-UCI_bez-roku-300x136.jpg 300w, https:\/\/www.caths.cz\/wordpress\/wp-content\/uploads\/2015\/09\/NEW-logo-UCI_bez-roku-120x54.jpg 120w, https:\/\/www.caths.cz\/wordpress\/wp-content\/uploads\/2015\/09\/NEW-logo-UCI_bez-roku.jpg 1065w\" sizes=\"auto, (max-width: 600px) 100vw, 600px\" \/><\/a><\/p>\n","protected":false},"excerpt":{"rendered":"<a href=\"https:\/\/www.caths.cz\/wordpress\/prazsky-strahov-se-chysta-na-vyznamny-cyklisticky-svatek\/\"><img width=\"100\" height=\"100\" src=\"https:\/\/www.caths.cz\/wordpress\/wp-content\/uploads\/2015\/09\/NEW-logo-UCI_bez-roku-100x100.jpg\" class=\"alignleft tfe wp-post-image\" alt=\"\" decoding=\"async\" loading=\"lazy\" srcset=\"https:\/\/www.caths.cz\/wordpress\/wp-content\/uploads\/2015\/09\/NEW-logo-UCI_bez-roku-100x100.jpg 100w, https:\/\/www.caths.cz\/wordpress\/wp-content\/uploads\/2015\/09\/NEW-logo-UCI_bez-roku-150x150.jpg 150w\" sizes=\"auto, (max-width: 100px) 100vw, 100px\" \/><\/a><p>V\u00fdznamn\u00fd sportovn\u00ed podnik se chyst\u00e1 na pra\u017esk\u00e9m Strahov\u011b.\u00a0 Ve dnech 26. \u2013 27. z\u00e1\u0159\u00ed se zde uskute\u010dn\u00ed v\u00fdznamn\u00e1 cyklistick\u00e1 akce, Fin\u00e1le Evropsk\u00e9ho poh\u00e1ru handicapovan\u00fdch cyklist\u016f a Fin\u00e1le \u010cesk\u00e9ho poh\u00e1ru ml\u00e1de\u017ee [&hellip;]<\/p>\n","protected":false},"author":1,"featured_media":21969,"comment_status":"closed","ping_status":"closed","sticky":false,"template":"","format":"standard","meta":{"ngg_post_thumbnail":0,"footnotes":""},"categories":[2,9],"tags":[],"class_list":["post-21968","post","type-post","status-publish","format-standard","has-post-thumbnail","hentry","category-cyklistika","category-handbike"],"_links":{"self":[{"href":"https:\/\/www.caths.cz\/wordpress\/wp-json\/wp\/v2\/posts\/21968","targetHints":{"allow":["GET"]}}],"collection":[{"href":"https:\/\/www.caths.cz\/wordpress\/wp-json\/wp\/v2\/posts"}],"about":[{"href":"https:\/\/www.caths.cz\/wordpress\/wp-json\/wp\/v2\/types\/post"}],"author":[{"embeddable":true,"href":"https:\/\/www.caths.cz\/wordpress\/wp-json\/wp\/v2\/users\/1"}],"replies":[{"embeddable":true,"href":"https:\/\/www.caths.cz\/wordpress\/wp-json\/wp\/v2\/comments?post=21968"}],"version-history":[{"count":3,"href":"https:\/\/www.caths.cz\/wordpress\/wp-json\/wp\/v2\/posts\/21968\/revisions"}],"predecessor-version":[{"id":21972,"href":"https:\/\/www.caths.cz\/wordpress\/wp-json\/wp\/v2\/posts\/21968\/revisions\/21972"}],"wp:featuredmedia":[{"embeddable":true,"href":"https:\/\/www.caths.cz\/wordpress\/wp-json\/wp\/v2\/media\/21969"}],"wp:attachment":[{"href":"https:\/\/www.caths.cz\/wordpress\/wp-json\/wp\/v2\/media?parent=21968"}],"wp:term":[{"taxonomy":"category","embeddable":true,"href":"https:\/\/www.caths.cz\/wordpress\/wp-json\/wp\/v2\/categories?post=21968"},{"taxonomy":"post_tag","embeddable":true,"href":"https:\/\/www.caths.cz\/wordpress\/wp-json\/wp\/v2\/tags?post=21968"}],"curies":[{"name":"wp","href":"https:\/\/api.w.org\/{rel}","templated":true}]}}