{"id":21962,"date":"2015-09-23T00:18:45","date_gmt":"2015-09-22T23:18:45","guid":{"rendered":"http:\/\/www.caths.cz\/wordpress\/?p=21962"},"modified":"2015-09-23T00:19:12","modified_gmt":"2015-09-22T23:19:12","slug":"tituly-vitezu-ceskeho-poharu-caths-2015-ve-sportovni-strelbe-si-rozdelili-vladimir-marcan-a-frantisek-konecny","status":"publish","type":"post","link":"https:\/\/www.caths.cz\/wordpress\/tituly-vitezu-ceskeho-poharu-caths-2015-ve-sportovni-strelbe-si-rozdelili-vladimir-marcan-a-frantisek-konecny\/","title":{"rendered":"Tituly V\u00edt\u011bz\u016f \u010cesk\u00e9ho poh\u00e1ru \u010cATHS 2015 ve sportovn\u00ed st\u0159elb\u011b si rozd\u011blili Vladim\u00edr Mar\u010dan a Franti\u0161ek Kone\u010dn\u00fd."},"content":{"rendered":"<p>V\u00a0sobotu 5. 9. p\u0159iv\u00edtala Olomouc \u00fa\u010dastn\u00edky fin\u00e1lov\u00e9ho kola \u010cesk\u00e9ho poh\u00e1ru ve sportovn\u00ed st\u0159elb\u011b t\u011blesn\u011b posti\u017een\u00fdch. V\u00a0rann\u00ed sout\u011b\u017ei za p\u0159\u00edzniv\u00fdch pov\u011btrnostn\u00edch podm\u00ednek v discipl\u00edn\u011b P3\/sportovn\u00ed pistole 30+30 ran na 25 metr\u016f zv\u00edt\u011bzil Vladim\u00edr Mar\u010dan\/532 bod\u016f, p\u0159ed druh\u00fdm Franti\u0161kem Kone\u010dn\u00fdm\/527 bod\u016f a t\u0159et\u00edm Romanem Gronsk\u00fdm\/524 bod\u016f.<\/p>\n<p>Po se\u010dten\u00ed bod\u016f z\u00a0nejlep\u0161\u00edho kola \u010cP a \u00a0z fin\u00e1le v\u00a0t\u00e9to discipl\u00edn\u011b se stal celkov\u00fdm v\u00edt\u011bzem Vladim\u00edr Mar\u010dan\/60 bod\u016f, 2. m\u00edsto z\u00edskal Roman Gronsk\u00fd\/45 bod\u016f a 3. m\u00edsto obsadil Franti\u0161ek Kone\u010dn\u00fd\/40 bod\u016f.<\/p>\n<p>Odpoledne pokra\u010dovalo Fin\u00e1le \u010cP discipl\u00ednou P1\/vzduchov\u00e1 pistole 60 ran na 10 metr\u016f, kterou s\u00a0p\u0159ehledem a v\u00a0mistrovsk\u00e9 v\u00fdkonnostn\u00ed t\u0159\u00edd\u011b vyhr\u00e1l Franti\u0161ek Kone\u010dn\u00fd\/559 bod\u016f, 2. m\u00edsto obsadil Vladim\u00edr Mar\u010dan\/532 bod\u016f a 3. m\u00edsto si vyst\u0159\u00edlel Roman Gronsk\u00fd\/tak\u00e9 532 bod\u016f, ale o jednu centrovou des\u00edtku st\u0159elil m\u00e9n\u011b.<\/p>\n<p>Po se\u010dten\u00ed bod\u016f z\u00a0nejlep\u0161\u00edho kola \u010cP a\u00a0 fin\u00e1le v\u00a0t\u00e9to discipl\u00edn\u011b se stal celkov\u00fdm v\u00edt\u011bzem Franti\u0161ek Kone\u010dn\u00fd\/50 bod\u016f, 2. m\u00edsto obsadil Roman Gronsk\u00fd\/45 bod\u016f a 3. m\u00edsto z\u00edskal Vladim\u00edr Mar\u010dan\/40 bod\u016f.<\/p>\n<p>V\u00fdsledky fin\u00e1lov\u00e9ho kola naleznete na\u00a0<a href=\"http:\/\/www.caths.cz\/wordpress\/wp-content\/uploads\/2015\/09\/Kopie-\u010cesk\u00fd-poh\u00e1r-\u010cATHS-Fin\u00e1le.pdf\">Kopie &#8211; \u010cesk\u00fd poh\u00e1r \u010cATHS &#8211; Fin\u00e1le<\/a><\/p>\n<p>Celkov\u00e9 po\u0159ad\u00ed \u010cP ve st\u0159elb\u011b handicapovan\u00fdch 2015 naleznete na\u00a0<a href=\"http:\/\/www.caths.cz\/wordpress\/wp-content\/uploads\/2015\/09\/\u010cesk\u00fd-poh\u00e1r-\u010cATHS-celkov\u00e9-vyhodnocen\u00ed.pdf\">\u010cesk\u00fd poh\u00e1r \u010cATHS &#8211; celkov\u00e9 vyhodnocen\u00ed<\/a><\/p>\n<p><a href=\"http:\/\/www.caths.cz\/wordpress\/wp-content\/uploads\/2015\/09\/010.jpg\"><img loading=\"lazy\" decoding=\"async\" class=\"alignnone size-full wp-image-21965\" src=\"http:\/\/www.caths.cz\/wordpress\/wp-content\/uploads\/2015\/09\/010.jpg\" alt=\"010\" width=\"1000\" height=\"750\" srcset=\"https:\/\/www.caths.cz\/wordpress\/wp-content\/uploads\/2015\/09\/010.jpg 1000w, https:\/\/www.caths.cz\/wordpress\/wp-content\/uploads\/2015\/09\/010-300x225.jpg 300w, https:\/\/www.caths.cz\/wordpress\/wp-content\/uploads\/2015\/09\/010-120x90.jpg 120w\" sizes=\"auto, (max-width: 1000px) 100vw, 1000px\" \/><\/a><\/p>\n","protected":false},"excerpt":{"rendered":"<a href=\"https:\/\/www.caths.cz\/wordpress\/tituly-vitezu-ceskeho-poharu-caths-2015-ve-sportovni-strelbe-si-rozdelili-vladimir-marcan-a-frantisek-konecny\/\"><img width=\"100\" height=\"100\" src=\"https:\/\/www.caths.cz\/wordpress\/wp-content\/uploads\/2015\/09\/010-100x100.jpg\" class=\"alignleft tfe wp-post-image\" alt=\"\" decoding=\"async\" loading=\"lazy\" srcset=\"https:\/\/www.caths.cz\/wordpress\/wp-content\/uploads\/2015\/09\/010-100x100.jpg 100w, https:\/\/www.caths.cz\/wordpress\/wp-content\/uploads\/2015\/09\/010-150x150.jpg 150w\" sizes=\"auto, (max-width: 100px) 100vw, 100px\" \/><\/a><p>V\u00a0sobotu 5. 9. p\u0159iv\u00edtala Olomouc \u00fa\u010dastn\u00edky fin\u00e1lov\u00e9ho kola \u010cesk\u00e9ho poh\u00e1ru ve sportovn\u00ed st\u0159elb\u011b t\u011blesn\u011b posti\u017een\u00fdch. V\u00a0rann\u00ed sout\u011b\u017ei za p\u0159\u00edzniv\u00fdch pov\u011btrnostn\u00edch podm\u00ednek v discipl\u00edn\u011b P3\/sportovn\u00ed pistole 30+30 ran na 25 metr\u016f [&hellip;]<\/p>\n","protected":false},"author":1,"featured_media":21965,"comment_status":"closed","ping_status":"closed","sticky":false,"template":"","format":"standard","meta":{"ngg_post_thumbnail":0,"footnotes":""},"categories":[18],"tags":[],"class_list":["post-21962","post","type-post","status-publish","format-standard","has-post-thumbnail","hentry","category-strelba"],"_links":{"self":[{"href":"https:\/\/www.caths.cz\/wordpress\/wp-json\/wp\/v2\/posts\/21962","targetHints":{"allow":["GET"]}}],"collection":[{"href":"https:\/\/www.caths.cz\/wordpress\/wp-json\/wp\/v2\/posts"}],"about":[{"href":"https:\/\/www.caths.cz\/wordpress\/wp-json\/wp\/v2\/types\/post"}],"author":[{"embeddable":true,"href":"https:\/\/www.caths.cz\/wordpress\/wp-json\/wp\/v2\/users\/1"}],"replies":[{"embeddable":true,"href":"https:\/\/www.caths.cz\/wordpress\/wp-json\/wp\/v2\/comments?post=21962"}],"version-history":[{"count":2,"href":"https:\/\/www.caths.cz\/wordpress\/wp-json\/wp\/v2\/posts\/21962\/revisions"}],"predecessor-version":[{"id":21967,"href":"https:\/\/www.caths.cz\/wordpress\/wp-json\/wp\/v2\/posts\/21962\/revisions\/21967"}],"wp:featuredmedia":[{"embeddable":true,"href":"https:\/\/www.caths.cz\/wordpress\/wp-json\/wp\/v2\/media\/21965"}],"wp:attachment":[{"href":"https:\/\/www.caths.cz\/wordpress\/wp-json\/wp\/v2\/media?parent=21962"}],"wp:term":[{"taxonomy":"category","embeddable":true,"href":"https:\/\/www.caths.cz\/wordpress\/wp-json\/wp\/v2\/categories?post=21962"},{"taxonomy":"post_tag","embeddable":true,"href":"https:\/\/www.caths.cz\/wordpress\/wp-json\/wp\/v2\/tags?post=21962"}],"curies":[{"name":"wp","href":"https:\/\/api.w.org\/{rel}","templated":true}]}}