{"id":21960,"date":"2015-09-17T00:12:51","date_gmt":"2015-09-16T23:12:51","guid":{"rendered":"http:\/\/www.caths.cz\/wordpress\/?p=21960"},"modified":"2015-09-17T00:12:51","modified_gmt":"2015-09-16T23:12:51","slug":"prazsky-mtb-pohar-jde-do-finale-i-s-handicapovanymi-cyklisty-handicapovany-vitez-bude-pit-cely-rok-nutrend","status":"publish","type":"post","link":"https:\/\/www.caths.cz\/wordpress\/prazsky-mtb-pohar-jde-do-finale-i-s-handicapovanymi-cyklisty-handicapovany-vitez-bude-pit-cely-rok-nutrend\/","title":{"rendered":"Pra\u017esk\u00fd MTB poh\u00e1r jde do fin\u00e1le i s handicapovan\u00fdmi cyklisty &#8211; handicapovan\u00fd v\u00edt\u011bz bude p\u00edt cel\u00fd rok NUTREND!"},"content":{"rendered":"<p>Tradi\u010dn\u00ed pra\u017esk\u00e1 bikov\u00e1 lokalita, Bike Park Zli\u010d\u00edn bude v\u00a0ned\u011bli 20. z\u00e1\u0159\u00ed d\u011bji\u0161t\u011bm fin\u00e1lov\u00e9ho z\u00e1vodu Pra\u017esk\u00e9ho MTB poh\u00e1ru 2015.<\/p>\n<p>Po\u0159adatelsk\u00fd t\u00fdm CK Calabrone veden\u00fd kucha\u0159em n\u00e1rodn\u00edho t\u00fdmu horsk\u00fdch kol Martinem Jarou\u0161em hl\u00e1s\u00ed: \u201e<strong><em>v\u0161e je p\u0159ipraven\u00e9, v\u00a0p\u00e1tek od 17 hodin o\u010dek\u00e1v\u00e1me z\u00e1vodn\u00edky na ofici\u00e1ln\u00edm tr\u00e9ninku, v\u00a0sobotu pak prob\u011bhne z\u00e1vod v atraktivn\u00edm\u00a0Dual MTB slalomu, pot\u00e9 bude tra\u0165 znovu otev\u0159ena pro tr\u00e9nink a v\u00a0ned\u011bli n\u00e1s \u010dek\u00e1 kompletn\u00ed program Pra\u017esk\u00e9ho MTB poh\u00e1ru v\u010detn\u011b celkov\u00e9ho vyhl\u00e1\u0161en\u00ed.\u201c<\/em><\/strong><\/p>\n<p>Pr\u00e1v\u011b absolvovan\u00fd z\u00e1vod v\u00a0Libu\u0161i jen potvrdil vyrovnan\u00e9 po\u0159ad\u00ed ve v\u0161ech kategori\u00edch Pra\u017esk\u00e9ho MTB poh\u00e1ru a o celkov\u00fdch v\u00edt\u011bz\u00edch bude rozhodovat posledn\u00ed z\u00e1vod.<\/p>\n<p>Zakladatel\u00e9 a po\u0159adatel\u00e9 Pra\u017esk\u00e9ho MTB poh\u00e1ru, Sportovn\u00ed klub cyklist\u016f Praha Nutrend Specialized p\u0159ipravil pro tento z\u00e1vod skute\u010dn\u011b velmi cennou trofej. Z\u00edsk\u00e1 j\u00ed celkov\u00fd v\u00edt\u011bz po\u010detn\u00e9ho pelotonu kategorie \u017d\u00e1ci I. a bude j\u00ed n\u00e1rodn\u00ed dres podepsan\u00fd olympijsk\u00fdm v\u00edt\u011bzem, mistrem sv\u011bta a Evropy Jaroslavem Kulhav\u00fdm a bronzov\u00fdm medailistou leto\u0161n\u00edho mistrovstv\u00ed sv\u011bta v\u00a0Ando\u0159e Ond\u0159ejem Cinkem. Samotn\u00fd dres pak v\u00edt\u011bzi p\u0159ed\u00e1 reprezenta\u010dn\u00ed tren\u00e9r horsk\u00fdch kol \u010cesk\u00e9 republiky, Viktor Zapletal.<\/p>\n<p>A je\u0161t\u011b jedna zaj\u00edmavost je p\u0159ipravena pro zli\u010d\u00ednsk\u00fd z\u00e1vod, jak p\u0159ibli\u017euje mana\u017eerka Sportovn\u00edho klubu cyklist\u016f Praha Nutrend Specialized, Jarka Krakovi\u010dov\u00e1: <strong><em>\u201e Z\u00e1vod na Zli\u010d\u00edn\u011b bude z\u00e1rove\u0148 i Mistrovstv\u00edm \u010cesk\u00e9 republiky horsk\u00fdch kol pro skupinu sluchov\u011b posti\u017een\u00fdch cyklist\u016f. Jak je zn\u00e1mo, sna\u017e\u00edme se po\u0159\u00e1dat v\u0161echny na\u0161e akce integra\u010dn\u00ed formou a jsme r\u00e1di, \u017ee kategorie handicapovan\u00fdch cyklist\u016f maj\u00ed opr\u00e1vn\u011bn\u00fd respekt ostatn\u00edch startuj\u00edc\u00edch a n\u00e1\u0161 integra\u010dn\u00ed model z\u00e1vod\u016f aplikuj\u00ed i po\u0159adatel\u00e9 jin\u00fdch cyklistick\u00fdch podnik\u016f. Stejn\u011b jako v\u00a0minul\u00e9m roce m\u00e1me i letos pro celkov\u00e9ho v\u00edt\u011bze kategorie handicapovan\u00fdch cyklist\u016f p\u0159ipravenou velmi hodnotnou cenu \u2013 celoro\u010dn\u00ed pitn\u00fd re\u017eim od spole\u010dnosti Nutrend\u201c . \u00a0\u00a0<\/em><\/strong><\/p>\n<p><a href=\"http:\/\/prahamtb.cz\/wp-content\/uploads\/2015\/03\/prazskymtbpohar1-2014_15.jpg\" rel=\"lightbox\"><img loading=\"lazy\" decoding=\"async\" class=\"alignnone size-medium wp-image-3153\" src=\"http:\/\/prahamtb.cz\/wp-content\/uploads\/2015\/03\/prazskymtbpohar1-2014_15-600x400.jpg\" alt=\"prazskymtbpohar1-2014_15\" width=\"600\" height=\"400\" \/><\/a><\/p>\n","protected":false},"excerpt":{"rendered":"<a href=\"https:\/\/www.caths.cz\/wordpress\/prazsky-mtb-pohar-jde-do-finale-i-s-handicapovanymi-cyklisty-handicapovany-vitez-bude-pit-cely-rok-nutrend\/\"><img loading=\"lazy\" decoding=\"async\" width=\"100\" height=\"100\" src=\"https:\/\/www.caths.cz\/wordpress\/wp-content\/plugins\/thumbnail-for-excerpts\/tfe_no_thumb.png\" class=\"alignleft wp-post-image tfe\" alt=\"\" title=\"\" \/><\/a><p>Tradi\u010dn\u00ed pra\u017esk\u00e1 bikov\u00e1 lokalita, Bike Park Zli\u010d\u00edn bude v\u00a0ned\u011bli 20. z\u00e1\u0159\u00ed d\u011bji\u0161t\u011bm fin\u00e1lov\u00e9ho z\u00e1vodu Pra\u017esk\u00e9ho MTB poh\u00e1ru 2015. Po\u0159adatelsk\u00fd t\u00fdm CK Calabrone veden\u00fd kucha\u0159em n\u00e1rodn\u00edho t\u00fdmu horsk\u00fdch kol Martinem Jarou\u0161em [&hellip;]<\/p>\n","protected":false},"author":1,"featured_media":0,"comment_status":"closed","ping_status":"closed","sticky":false,"template":"","format":"standard","meta":{"ngg_post_thumbnail":0,"footnotes":""},"categories":[40],"tags":[],"class_list":["post-21960","post","type-post","status-publish","format-standard","hentry","category-pojed-s-nami"],"_links":{"self":[{"href":"https:\/\/www.caths.cz\/wordpress\/wp-json\/wp\/v2\/posts\/21960","targetHints":{"allow":["GET"]}}],"collection":[{"href":"https:\/\/www.caths.cz\/wordpress\/wp-json\/wp\/v2\/posts"}],"about":[{"href":"https:\/\/www.caths.cz\/wordpress\/wp-json\/wp\/v2\/types\/post"}],"author":[{"embeddable":true,"href":"https:\/\/www.caths.cz\/wordpress\/wp-json\/wp\/v2\/users\/1"}],"replies":[{"embeddable":true,"href":"https:\/\/www.caths.cz\/wordpress\/wp-json\/wp\/v2\/comments?post=21960"}],"version-history":[{"count":1,"href":"https:\/\/www.caths.cz\/wordpress\/wp-json\/wp\/v2\/posts\/21960\/revisions"}],"predecessor-version":[{"id":21961,"href":"https:\/\/www.caths.cz\/wordpress\/wp-json\/wp\/v2\/posts\/21960\/revisions\/21961"}],"wp:attachment":[{"href":"https:\/\/www.caths.cz\/wordpress\/wp-json\/wp\/v2\/media?parent=21960"}],"wp:term":[{"taxonomy":"category","embeddable":true,"href":"https:\/\/www.caths.cz\/wordpress\/wp-json\/wp\/v2\/categories?post=21960"},{"taxonomy":"post_tag","embeddable":true,"href":"https:\/\/www.caths.cz\/wordpress\/wp-json\/wp\/v2\/tags?post=21960"}],"curies":[{"name":"wp","href":"https:\/\/api.w.org\/{rel}","templated":true}]}}