{"id":2196,"date":"2012-03-19T00:25:33","date_gmt":"2012-03-18T23:25:33","guid":{"rendered":"http:\/\/www.caths.cz\/wordpress\/?p=2196"},"modified":"2012-03-19T00:25:33","modified_gmt":"2012-03-18T23:25:33","slug":"potvrzeno-predpokladane","status":"publish","type":"post","link":"https:\/\/www.caths.cz\/wordpress\/potvrzeno-predpokladane\/","title":{"rendered":"Potvrzeno p\u0159edpokl\u00e1dan\u00e9"},"content":{"rendered":"<p align=\"justify\">   \u010cesk\u00e1 republika m\u00e1 od UCI potvrzen\u00e9 kv\u00f3ty pro cyklistickou v\u00fdpravu na Letn\u00ed paralympijsk\u00e9 hry v Lond\u00fdn\u011b 2012.<\/p>\n<p align=\"justify\">Pro kategorii mu\u017e\u016f bylo na\u0161im cyklist\u016fm p\u0159id\u011bleno 6 m\u00edst, ze kter\u00fdch je jedno m\u00edsto chr\u00e1n\u011bn\u00e9 \u2013 kategorie T2 a \u017een\u00e1m byla p\u0159id\u011blena 2 m\u00edsta s chr\u00e1n\u011bnou kategori\u00ed C2, co\u017e je kategorie ve kter\u00e9 z\u00e1vod\u00ed \u00fasp\u011b\u0161n\u00e1 Tereza Diepoldov\u00e1. <\/p>\n<p> V po\u0159ad\u00ed n\u00e1rod\u016f pat\u0159\u00ed \u010cesk\u00e9 republice 10. p\u0159\u00ed\u010dka v kategorii mu\u017e\u016f a 11. m\u00edsto v kategorii \u017een. Kompletn\u00ed p\u0159ehled \u00fa\u010dastnick\u00fdch m\u00edst v mu\u017esk\u00fdch kategori\u00edch naleznete <a href=\"http:\/\/www.caths.cz\/storage\/londyn\/cyklistika\/Slots Final Allocation - Men - London 2012.pdf\" target=\"_blank\"> zde<\/a> <\/p>\n<p> a v \u017eensk\u00fdch kategori\u00edch naleznete <a href=\"http:\/\/www.caths.cz\/storage\/londyn\/cyklistika\/Slots Final Allocation - Women - London 2012.pdf\" target=\"_blank\"> zde<\/a><\/p>\n<p> <img decoding=\"async\" src=\"image\/londyn\/cyklistika\/velodrom_londy.jpg\"> <\/p>\n","protected":false},"excerpt":{"rendered":"<a href=\"https:\/\/www.caths.cz\/wordpress\/potvrzeno-predpokladane\/\"><img loading=\"lazy\" decoding=\"async\" width=\"100\" height=\"100\" src=\"https:\/\/www.caths.cz\/wordpress\/wp-content\/plugins\/thumbnail-for-excerpts\/tfe_no_thumb.png\" class=\"alignleft wp-post-image tfe\" alt=\"\" title=\"\" \/><\/a><p>\u010cesk\u00e1 republika m\u00e1 od UCI potvrzen\u00e9 kv\u00f3ty pro cyklistickou v\u00fdpravu na Letn\u00ed paralympijsk\u00e9 hry v Lond\u00fdn\u011b 2012. Pro kategorii mu\u017e\u016f bylo na\u0161im cyklist\u016fm p\u0159id\u011bleno 6 m\u00edst, ze kter\u00fdch je jedno [&hellip;]<\/p>\n","protected":false},"author":1,"featured_media":0,"comment_status":"closed","ping_status":"closed","sticky":false,"template":"","format":"standard","meta":{"ngg_post_thumbnail":0,"footnotes":""},"categories":[41],"tags":[],"class_list":["post-2196","post","type-post","status-publish","format-standard","hentry","category-lph-londyn-2012"],"_links":{"self":[{"href":"https:\/\/www.caths.cz\/wordpress\/wp-json\/wp\/v2\/posts\/2196","targetHints":{"allow":["GET"]}}],"collection":[{"href":"https:\/\/www.caths.cz\/wordpress\/wp-json\/wp\/v2\/posts"}],"about":[{"href":"https:\/\/www.caths.cz\/wordpress\/wp-json\/wp\/v2\/types\/post"}],"author":[{"embeddable":true,"href":"https:\/\/www.caths.cz\/wordpress\/wp-json\/wp\/v2\/users\/1"}],"replies":[{"embeddable":true,"href":"https:\/\/www.caths.cz\/wordpress\/wp-json\/wp\/v2\/comments?post=2196"}],"version-history":[{"count":0,"href":"https:\/\/www.caths.cz\/wordpress\/wp-json\/wp\/v2\/posts\/2196\/revisions"}],"wp:attachment":[{"href":"https:\/\/www.caths.cz\/wordpress\/wp-json\/wp\/v2\/media?parent=2196"}],"wp:term":[{"taxonomy":"category","embeddable":true,"href":"https:\/\/www.caths.cz\/wordpress\/wp-json\/wp\/v2\/categories?post=2196"},{"taxonomy":"post_tag","embeddable":true,"href":"https:\/\/www.caths.cz\/wordpress\/wp-json\/wp\/v2\/tags?post=2196"}],"curies":[{"name":"wp","href":"https:\/\/api.w.org\/{rel}","templated":true}]}}