{"id":21954,"date":"2015-09-13T21:14:28","date_gmt":"2015-09-13T20:14:28","guid":{"rendered":"http:\/\/www.caths.cz\/wordpress\/?p=21954"},"modified":"2015-09-13T21:14:28","modified_gmt":"2015-09-13T20:14:28","slug":"tereza-diepoldova-vybojovala-stribrnou-medaili-i-v-silnicnim-zavode-sp-v-jar","status":"publish","type":"post","link":"https:\/\/www.caths.cz\/wordpress\/tereza-diepoldova-vybojovala-stribrnou-medaili-i-v-silnicnim-zavode-sp-v-jar\/","title":{"rendered":"Tereza Diepoldov\u00e1 vybojovala st\u0159\u00edbrnou medaili i v silni\u010dn\u00edm z\u00e1vod\u011b SP v JAR!"},"content":{"rendered":"<p>V\u00fdborn\u00fdm zp\u016fsobem zvl\u00e1dla i druh\u00fd z\u00e1vod v\u00a0JAR Tereza Diepoldov\u00e1 (Nutrend Specialized Racing), kter\u00e1 z\u00edskala v\u00a0silni\u010dn\u00edm z\u00e1vod\u011b \u017een kategorie C2 st\u0159\u00edbrnou medaili.<\/p>\n<p>\u010cesk\u00fd t\u00fdm t\u011blesn\u011b handicapovan\u00fdch cyklist\u016f si tak odv\u00e1\u017e\u00ed z\u00a0fin\u00e1lov\u00e9ho z\u00e1vodu Sv\u011btov\u00e9ho poh\u00e1ru celkem 5 cenn\u00fdch kov\u016f a p\u0159edev\u0161\u00edm velkou porci UCI bod\u016f pot\u0159ebn\u00fdch pro n\u00e1rodn\u00ed ranking p\u0159ed bl\u00ed\u017e\u00edc\u00edmi se paralympijsk\u00fdmi hrami v\u00a0Rio de Janeiru.<\/p>\n<p><strong><em>\u201eTen z\u00e1vod byl pro m\u011b velmi n\u00e1ro\u010dn\u00fd, m\u011bla jsem technick\u00e9 probl\u00e9my s\u00a0\u0159et\u011bzem, kter\u00fd m\u011b padal a sjet zp\u011bt \u010dasovou ztr\u00e1tu vzniklou opravami m\u011b st\u00e1lo mnoho sil. Ale z\u00a0v\u00fdsledku m\u00e1m radost\u201c \u00a0<\/em><\/strong>okomentovala v\u00a0c\u00edli sv\u016fj z\u00e1vod Tereza.<\/p>\n<p>Medailov\u00e9 ambice jsme m\u011bli tak\u00e9 v\u00a0z\u00e1vod\u011b mu\u017e\u016f kategorie C4, kde n\u00e1s reprezentovali Ji\u0159\u00ed Je\u017eek s\u00a0Ji\u0159\u00edm Bou\u0161kou a v kategorii C2, kde jsme m\u011bli zastoupen\u00ed mladi\u010dk\u00fdm Ivem Koblasou.<br \/>\nOv\u0161em oba z\u00e1vody byly pro \u010deskou v\u00fdpravu smoln\u00e9. Ivo Koblasa se od \u00favodu z\u00e1vodu musel pot\u00fdkat s\u00a0uvoln\u011bn\u00fdm sedlem a nakonec i s\u00a0t\u00edmto handicapem dok\u00e1zal dokon\u010dit z\u00e1vod na p\u00e1t\u00e9m m\u00edst\u011b. Ve slibn\u011b se vyv\u00edjej\u00edc\u00edm z\u00e1vod\u011b kategorii C4 postihnul Ji\u0159\u00edho Je\u017eka defekt zadn\u00edho kola, d\u00edky kter\u00e9mu nabral zna\u010dnou \u010dasovou ztr\u00e1tu, kter\u00e1 ho vy\u0159adila z\u00a0boj\u016f o medaile. Ji\u0159\u00ed Bou\u0161ka dospurtoval v\u00a0hlavn\u00edm poli na p\u00e1t\u00e9m m\u00edst\u011b.<\/p>\n<p>Silni\u010dn\u00ed \u010d\u00e1st sez\u00f3ny handicapovan\u00fdm cyklist\u016fm je\u0161t\u011b nekon\u010d\u00ed. V\u00a0term\u00ednu od 25. do 27. z\u00e1\u0159\u00ed se v\u00a0Praze na Strahov\u011b uskute\u010dn\u00ed fin\u00e1le Evropsk\u00e9ho poh\u00e1ru handicapovan\u00fdch cyklist\u016f a podle aktu\u00e1ln\u00edch informac\u00ed uvid\u00edme v\u00a0Praze z\u00e1vodit kompletn\u00ed evropskou \u0161pi\u010dku v\u010detn\u011b na\u0161ich nej\u00fasp\u011b\u0161n\u011bj\u0161\u00edch reprezentant\u016f.<\/p>\n<p><a href=\"http:\/\/www.caths.cz\/wordpress\/wp-content\/uploads\/2015\/09\/sp-pietermaritzburg-161.jpg\"><img loading=\"lazy\" decoding=\"async\" class=\"alignnone size-full wp-image-21955\" src=\"http:\/\/www.caths.cz\/wordpress\/wp-content\/uploads\/2015\/09\/sp-pietermaritzburg-161.jpg\" alt=\"sp pietermaritzburg 161\" width=\"738\" height=\"1000\" srcset=\"https:\/\/www.caths.cz\/wordpress\/wp-content\/uploads\/2015\/09\/sp-pietermaritzburg-161.jpg 738w, https:\/\/www.caths.cz\/wordpress\/wp-content\/uploads\/2015\/09\/sp-pietermaritzburg-161-221x300.jpg 221w, https:\/\/www.caths.cz\/wordpress\/wp-content\/uploads\/2015\/09\/sp-pietermaritzburg-161-89x120.jpg 89w\" sizes=\"auto, (max-width: 738px) 100vw, 738px\" \/><\/a> <a href=\"http:\/\/www.caths.cz\/wordpress\/wp-content\/uploads\/2015\/09\/sp-pietermaritzburg-021.jpg\"><img loading=\"lazy\" decoding=\"async\" class=\"alignnone size-large wp-image-21956\" src=\"http:\/\/www.caths.cz\/wordpress\/wp-content\/uploads\/2015\/09\/sp-pietermaritzburg-021.jpg\" alt=\"sp pietermaritzburg 021\" width=\"600\" height=\"400\" srcset=\"https:\/\/www.caths.cz\/wordpress\/wp-content\/uploads\/2015\/09\/sp-pietermaritzburg-021.jpg 1000w, https:\/\/www.caths.cz\/wordpress\/wp-content\/uploads\/2015\/09\/sp-pietermaritzburg-021-300x200.jpg 300w, https:\/\/www.caths.cz\/wordpress\/wp-content\/uploads\/2015\/09\/sp-pietermaritzburg-021-120x80.jpg 120w\" sizes=\"auto, (max-width: 600px) 100vw, 600px\" \/><\/a> <a href=\"http:\/\/www.caths.cz\/wordpress\/wp-content\/uploads\/2015\/09\/sp-pietermaritzburg-080.jpg\"><img loading=\"lazy\" decoding=\"async\" class=\"alignnone size-large wp-image-21957\" src=\"http:\/\/www.caths.cz\/wordpress\/wp-content\/uploads\/2015\/09\/sp-pietermaritzburg-080.jpg\" alt=\"sp pietermaritzburg 080\" width=\"600\" height=\"400\" srcset=\"https:\/\/www.caths.cz\/wordpress\/wp-content\/uploads\/2015\/09\/sp-pietermaritzburg-080.jpg 1000w, https:\/\/www.caths.cz\/wordpress\/wp-content\/uploads\/2015\/09\/sp-pietermaritzburg-080-300x200.jpg 300w, https:\/\/www.caths.cz\/wordpress\/wp-content\/uploads\/2015\/09\/sp-pietermaritzburg-080-120x80.jpg 120w\" sizes=\"auto, (max-width: 600px) 100vw, 600px\" \/><\/a><\/p>\n","protected":false},"excerpt":{"rendered":"<a href=\"https:\/\/www.caths.cz\/wordpress\/tereza-diepoldova-vybojovala-stribrnou-medaili-i-v-silnicnim-zavode-sp-v-jar\/\"><img width=\"100\" height=\"100\" src=\"https:\/\/www.caths.cz\/wordpress\/wp-content\/uploads\/2015\/09\/sp-pietermaritzburg-161-100x100.jpg\" class=\"alignleft tfe wp-post-image\" alt=\"\" decoding=\"async\" loading=\"lazy\" srcset=\"https:\/\/www.caths.cz\/wordpress\/wp-content\/uploads\/2015\/09\/sp-pietermaritzburg-161-100x100.jpg 100w, https:\/\/www.caths.cz\/wordpress\/wp-content\/uploads\/2015\/09\/sp-pietermaritzburg-161-150x150.jpg 150w\" sizes=\"auto, (max-width: 100px) 100vw, 100px\" \/><\/a><p>V\u00fdborn\u00fdm zp\u016fsobem zvl\u00e1dla i druh\u00fd z\u00e1vod v\u00a0JAR Tereza Diepoldov\u00e1 (Nutrend Specialized Racing), kter\u00e1 z\u00edskala v\u00a0silni\u010dn\u00edm z\u00e1vod\u011b \u017een kategorie C2 st\u0159\u00edbrnou medaili. \u010cesk\u00fd t\u00fdm t\u011blesn\u011b handicapovan\u00fdch cyklist\u016f si tak odv\u00e1\u017e\u00ed z\u00a0fin\u00e1lov\u00e9ho [&hellip;]<\/p>\n","protected":false},"author":1,"featured_media":21955,"comment_status":"closed","ping_status":"closed","sticky":false,"template":"","format":"standard","meta":{"ngg_post_thumbnail":0,"footnotes":""},"categories":[2],"tags":[],"class_list":["post-21954","post","type-post","status-publish","format-standard","has-post-thumbnail","hentry","category-cyklistika"],"_links":{"self":[{"href":"https:\/\/www.caths.cz\/wordpress\/wp-json\/wp\/v2\/posts\/21954","targetHints":{"allow":["GET"]}}],"collection":[{"href":"https:\/\/www.caths.cz\/wordpress\/wp-json\/wp\/v2\/posts"}],"about":[{"href":"https:\/\/www.caths.cz\/wordpress\/wp-json\/wp\/v2\/types\/post"}],"author":[{"embeddable":true,"href":"https:\/\/www.caths.cz\/wordpress\/wp-json\/wp\/v2\/users\/1"}],"replies":[{"embeddable":true,"href":"https:\/\/www.caths.cz\/wordpress\/wp-json\/wp\/v2\/comments?post=21954"}],"version-history":[{"count":2,"href":"https:\/\/www.caths.cz\/wordpress\/wp-json\/wp\/v2\/posts\/21954\/revisions"}],"predecessor-version":[{"id":21959,"href":"https:\/\/www.caths.cz\/wordpress\/wp-json\/wp\/v2\/posts\/21954\/revisions\/21959"}],"wp:featuredmedia":[{"embeddable":true,"href":"https:\/\/www.caths.cz\/wordpress\/wp-json\/wp\/v2\/media\/21955"}],"wp:attachment":[{"href":"https:\/\/www.caths.cz\/wordpress\/wp-json\/wp\/v2\/media?parent=21954"}],"wp:term":[{"taxonomy":"category","embeddable":true,"href":"https:\/\/www.caths.cz\/wordpress\/wp-json\/wp\/v2\/categories?post=21954"},{"taxonomy":"post_tag","embeddable":true,"href":"https:\/\/www.caths.cz\/wordpress\/wp-json\/wp\/v2\/tags?post=21954"}],"curies":[{"name":"wp","href":"https:\/\/api.w.org\/{rel}","templated":true}]}}