{"id":21950,"date":"2015-09-12T20:18:17","date_gmt":"2015-09-12T19:18:17","guid":{"rendered":"http:\/\/www.caths.cz\/wordpress\/?p=21950"},"modified":"2015-09-12T20:18:17","modified_gmt":"2015-09-12T19:18:17","slug":"handbikerka-katerina-antosova-ziskala-bronz-v-silnicnim-zavode-sp-handicapovanych-cyklistu-v-jar-patrik-jahoda-druhy-v-celkovem-poradi-sp-2015","status":"publish","type":"post","link":"https:\/\/www.caths.cz\/wordpress\/handbikerka-katerina-antosova-ziskala-bronz-v-silnicnim-zavode-sp-handicapovanych-cyklistu-v-jar-patrik-jahoda-druhy-v-celkovem-poradi-sp-2015\/","title":{"rendered":"Handbikerka Kate\u0159ina Anto\u0161ov\u00e1 z\u00edskala bronz v silni\u010dn\u00edm z\u00e1vod\u011b SP handicapovan\u00fdch cyklist\u016f v JAR, Patrik Jahoda druh\u00fd v celkov\u00e9m po\u0159ad\u00ed SP 2015!"},"content":{"rendered":"<p>Handbikerka Kate\u0159ina Anto\u0161ov\u00e1 vybojovala v\u00a0silni\u010dn\u00edm z\u00e1vod\u011b Sv\u011btov\u00e9ho poh\u00e1ru v\u00a0jihoafrick\u00e9m Pietermaritzburgu vynikaj\u00edc\u00ed t\u0159et\u00ed m\u00edsto a roz\u0161\u00ed\u0159ila tak celkovou sb\u00edrku medail\u00ed \u010desk\u00e9 reprezentace z\u00a0fin\u00e1lov\u00e9ho z\u00e1vodu Sv\u011btov\u00e9ho poh\u00e1ru u\u017e na 4 cenn\u00e9 kovy.<\/p>\n<p><a href=\"http:\/\/www.caths.cz\/wordpress\/wp-content\/uploads\/2015\/09\/sp-pietermaritzburg-056.jpg\"><img loading=\"lazy\" decoding=\"async\" class=\"alignnone size-full wp-image-21951\" src=\"http:\/\/www.caths.cz\/wordpress\/wp-content\/uploads\/2015\/09\/sp-pietermaritzburg-056.jpg\" alt=\"sp pietermaritzburg 056\" width=\"1000\" height=\"667\" srcset=\"https:\/\/www.caths.cz\/wordpress\/wp-content\/uploads\/2015\/09\/sp-pietermaritzburg-056.jpg 1000w, https:\/\/www.caths.cz\/wordpress\/wp-content\/uploads\/2015\/09\/sp-pietermaritzburg-056-300x200.jpg 300w, https:\/\/www.caths.cz\/wordpress\/wp-content\/uploads\/2015\/09\/sp-pietermaritzburg-056-120x80.jpg 120w\" sizes=\"auto, (max-width: 1000px) 100vw, 1000px\" \/><\/a> Jezdec t\u00fdmu Nutrend Specialized Racing &#8211; handbiker Patrik Jahoda \u00a0v\u00a0kategorii H1 nedok\u00e1zal sice nav\u00e1zat na st\u0159\u00edbro z\u00a0p\u00e1te\u010dn\u00ed \u010dasovky a silni\u010dn\u00ed z\u00e1vod dokon\u010dil na p\u00e1t\u00e9 pozici, ale v\u00a0celkov\u00e9m po\u0159ad\u00ed Sv\u011btov\u00e9ho poh\u00e1ru pro rok 2015 se Patrikovi poda\u0159ilo udr\u017eet vynikaj\u00edc\u00ed druh\u00e9 m\u00edsto.<\/p>\n<p><a href=\"http:\/\/www.caths.cz\/wordpress\/wp-content\/uploads\/2015\/09\/sp-pietermaritzburg-012.jpg\"><img loading=\"lazy\" decoding=\"async\" class=\"alignnone size-full wp-image-21952\" src=\"http:\/\/www.caths.cz\/wordpress\/wp-content\/uploads\/2015\/09\/sp-pietermaritzburg-012.jpg\" alt=\"sp pietermaritzburg 012\" width=\"1000\" height=\"667\" srcset=\"https:\/\/www.caths.cz\/wordpress\/wp-content\/uploads\/2015\/09\/sp-pietermaritzburg-012.jpg 1000w, https:\/\/www.caths.cz\/wordpress\/wp-content\/uploads\/2015\/09\/sp-pietermaritzburg-012-300x200.jpg 300w, https:\/\/www.caths.cz\/wordpress\/wp-content\/uploads\/2015\/09\/sp-pietermaritzburg-012-120x80.jpg 120w\" sizes=\"auto, (max-width: 1000px) 100vw, 1000px\" \/><\/a><\/p>\n<p>&nbsp;<\/p>\n<p>&nbsp;<\/p>\n<p>&nbsp;<\/p>\n<p>&nbsp;<\/p>\n<p>&nbsp;<\/p>\n<p>&nbsp;<\/p>\n","protected":false},"excerpt":{"rendered":"<a href=\"https:\/\/www.caths.cz\/wordpress\/handbikerka-katerina-antosova-ziskala-bronz-v-silnicnim-zavode-sp-handicapovanych-cyklistu-v-jar-patrik-jahoda-druhy-v-celkovem-poradi-sp-2015\/\"><img width=\"100\" height=\"100\" src=\"https:\/\/www.caths.cz\/wordpress\/wp-content\/uploads\/2015\/09\/sp-pietermaritzburg-056-100x100.jpg\" class=\"alignleft tfe wp-post-image\" alt=\"\" decoding=\"async\" loading=\"lazy\" srcset=\"https:\/\/www.caths.cz\/wordpress\/wp-content\/uploads\/2015\/09\/sp-pietermaritzburg-056-100x100.jpg 100w, https:\/\/www.caths.cz\/wordpress\/wp-content\/uploads\/2015\/09\/sp-pietermaritzburg-056-150x150.jpg 150w\" sizes=\"auto, (max-width: 100px) 100vw, 100px\" \/><\/a><p>Handbikerka Kate\u0159ina Anto\u0161ov\u00e1 vybojovala v\u00a0silni\u010dn\u00edm z\u00e1vod\u011b Sv\u011btov\u00e9ho poh\u00e1ru v\u00a0jihoafrick\u00e9m Pietermaritzburgu vynikaj\u00edc\u00ed t\u0159et\u00ed m\u00edsto a roz\u0161\u00ed\u0159ila tak celkovou sb\u00edrku medail\u00ed \u010desk\u00e9 reprezentace z\u00a0fin\u00e1lov\u00e9ho z\u00e1vodu Sv\u011btov\u00e9ho poh\u00e1ru u\u017e na 4 cenn\u00e9 kovy. [&hellip;]<\/p>\n","protected":false},"author":1,"featured_media":21951,"comment_status":"closed","ping_status":"closed","sticky":false,"template":"","format":"standard","meta":{"ngg_post_thumbnail":0,"footnotes":""},"categories":[9],"tags":[],"class_list":["post-21950","post","type-post","status-publish","format-standard","has-post-thumbnail","hentry","category-handbike"],"_links":{"self":[{"href":"https:\/\/www.caths.cz\/wordpress\/wp-json\/wp\/v2\/posts\/21950","targetHints":{"allow":["GET"]}}],"collection":[{"href":"https:\/\/www.caths.cz\/wordpress\/wp-json\/wp\/v2\/posts"}],"about":[{"href":"https:\/\/www.caths.cz\/wordpress\/wp-json\/wp\/v2\/types\/post"}],"author":[{"embeddable":true,"href":"https:\/\/www.caths.cz\/wordpress\/wp-json\/wp\/v2\/users\/1"}],"replies":[{"embeddable":true,"href":"https:\/\/www.caths.cz\/wordpress\/wp-json\/wp\/v2\/comments?post=21950"}],"version-history":[{"count":1,"href":"https:\/\/www.caths.cz\/wordpress\/wp-json\/wp\/v2\/posts\/21950\/revisions"}],"predecessor-version":[{"id":21953,"href":"https:\/\/www.caths.cz\/wordpress\/wp-json\/wp\/v2\/posts\/21950\/revisions\/21953"}],"wp:featuredmedia":[{"embeddable":true,"href":"https:\/\/www.caths.cz\/wordpress\/wp-json\/wp\/v2\/media\/21951"}],"wp:attachment":[{"href":"https:\/\/www.caths.cz\/wordpress\/wp-json\/wp\/v2\/media?parent=21950"}],"wp:term":[{"taxonomy":"category","embeddable":true,"href":"https:\/\/www.caths.cz\/wordpress\/wp-json\/wp\/v2\/categories?post=21950"},{"taxonomy":"post_tag","embeddable":true,"href":"https:\/\/www.caths.cz\/wordpress\/wp-json\/wp\/v2\/tags?post=21950"}],"curies":[{"name":"wp","href":"https:\/\/api.w.org\/{rel}","templated":true}]}}