{"id":2195,"date":"2012-03-17T22:47:16","date_gmt":"2012-03-17T21:47:16","guid":{"rendered":"http:\/\/www.caths.cz\/wordpress\/?p=2195"},"modified":"2012-03-17T22:47:16","modified_gmt":"2012-03-17T21:47:16","slug":"mimoradna-valna-hromada-caths","status":"publish","type":"post","link":"https:\/\/www.caths.cz\/wordpress\/mimoradna-valna-hromada-caths\/","title":{"rendered":"Mimo\u0159\u00e1dn\u00e1 valn\u00e1 hromada \u010cATHS"},"content":{"rendered":"<p align=\"justify\">   V sobotu dne 17.3.2012 se uskute\u010dnila mimo\u0159\u00e1dn\u00e1 Valn\u00e1 hromada \u010cATHS. Zased\u00e1n\u00ed se z\u00fa\u010dastnila i Gener\u00e1ln\u00ed sekret\u00e1\u0159ka organizace IWAS pan\u00ed Maura Strange. <\/p>\n<p align=\"justify\"> Hlavn\u00edm d\u016fvodem svol\u00e1n\u00ed t\u00e9to Valn\u00e9 hromady bylo ud\u011blen\u00ed mand\u00e1tu veden\u00ed \u010cATHS podnikat ve\u0161ker\u00e9 nutn\u00e9 kroky vedouc\u00ed k vytvo\u0159en\u00ed nov\u00e9 organizace, kter\u00e1 bude pe\u010dovat o sport t\u011blesn\u011b posti\u017een\u00fdch v \u010cR a do kter\u00e9 se integruj\u00ed \u010dlenov\u00e9 st\u00e1vaj\u00edc\u00edch sdru\u017een\u00ed \u010cATHS a \u010cSTPS.<br \/> Mimo\u0159\u00e1dn\u00e9 Valn\u00e9 hromady se z\u00fa\u010dastili z\u00e1stupci v\u0161ech sport\u016f, kter\u00e9 \u010cATHS zabezpe\u010duje, a rovn\u011b\u017e sportovn\u00edch klub\u016f sdru\u017een\u00fdch v \u010cATHS. Deleg\u00e1ti byli sezn\u00e1meni se sou\u010dasnou situac\u00ed ve sportu handicapovan\u00fdch, se z\u00e1klady tez\u00ed vzniku nov\u00e9ho sdru\u017een\u00ed a \u010dasov\u00fdm harmonogramem krok\u016f vedouc\u00edch ke vzniku NS.<br \/> Cel\u00e9mu zased\u00e1n\u00ed byla p\u0159\u00edtomna gener\u00e1ln\u00ed sekret\u00e1\u0159ka IWAS Maura Strange, kter\u00e1 teze a kroky vedouc\u00ed ke vzniku nov\u00e9 organizace velmi uv\u00edtala a podpo\u0159ila. <br \/> Mimo\u0159\u00e1dn\u00e1 Valn\u00e1 hromada jednomysln\u011b schv\u00e1lila mand\u00e1t VV \u010cATHS a pov\u011b\u0159ila jej, aby ve spolupr\u00e1ci s \u010cSTPS podnikal kroky ve vzniku nov\u00e9ho subjektu zastupuj\u00edc\u00edho sport telesn\u011b posti\u017een\u00fdch, d\u00e1le aby do zakl\u00e1daj\u00edc\u00ed Valn\u00e9 hromady vstoupili z\u00e1stupci obou sou\u010dasn\u00fdch organizac\u00ed jako rovnocenn\u00e1, legitimn\u00ed ob\u010dansk\u00e1 sdru\u017een\u00ed a aby jednac\u00ed a volebn\u00ed \u0159\u00e1dy t\u00e9to zakl\u00e1daj\u00edc\u00ed VH zajistily paritn\u00ed zastoupen\u00ed deleg\u00e1t\u016f resp. mand\u00e1t\u016f VH a kandid\u00e1t\u016f nominovan\u00fdch \u010cATHS a \u010cSTPS do vrcholn\u00fdch org\u00e1n\u016f nov\u00e9ho subjektu.<\/p>\n<p> P\u0159esn\u00e9 zn\u011bn\u00ed z\u00e1pisu z MVH p\u0159ineseme v nejbli\u017e\u0161\u00edch dnech.<\/p>\n<p> <img decoding=\"async\" src=\"\/wordpress\/image\/sekretarky\/VH 2012\/043.JPG\"> <\/p>\n<p> <img decoding=\"async\" src=\"\/wordpress\/image\/sekretarky\/VH 2012\/051.JPG\"> <\/p>\n<p> <img decoding=\"async\" src=\"\/wordpress\/image\/sekretarky\/VH 2012\/062.JPG\"> <\/p>\n<p> <img decoding=\"async\" src=\"\/wordpress\/image\/sekretarky\/VH 2012\/067.JPG\"> <\/p>\n<p> <img decoding=\"async\" src=\"\/wordpress\/image\/sekretarky\/VH 2012\/077.JPG\"> <\/p>\n<p> <img decoding=\"async\" src=\"\/wordpress\/image\/sekretarky\/VH 2012\/079.JPG\"> <\/p>\n<p> <img decoding=\"async\" src=\"\/wordpress\/image\/sekretarky\/VH 2012\/091.JPG\"> <\/p>\n<p> <img decoding=\"async\" src=\"\/wordpress\/image\/sekretarky\/VH 2012\/105.JPG\"> <\/p>\n<p> <img decoding=\"async\" src=\"\/wordpress\/image\/sekretarky\/VH 2012\/116.JPG\"> <\/p>\n<p> <img decoding=\"async\" src=\"\/wordpress\/image\/sekretarky\/VH 2012\/125.JPG\"> <\/p>\n<p> <img decoding=\"async\" src=\"\/wordpress\/image\/sekretarky\/VH 2012\/130.JPG\"> <\/p>\n<p> <img decoding=\"async\" src=\"\/wordpress\/image\/sekretarky\/VH 2012\/132.JPG\"> <\/p>\n<p> <img decoding=\"async\" src=\"\/wordpress\/image\/sekretarky\/VH 2012\/143.JPG\"> <\/p>\n<p> <img decoding=\"async\" src=\"\/wordpress\/image\/sekretarky\/VH 2012\/162.JPG\"> <\/p>\n<p> <img decoding=\"async\" src=\"\/wordpress\/image\/sekretarky\/VH 2012\/165.JPG\"> <\/p>\n<p> <img decoding=\"async\" src=\"\/wordpress\/image\/sekretarky\/VH 2012\/169.JPG\"> <\/p>\n<p> <img decoding=\"async\" src=\"\/wordpress\/image\/sekretarky\/VH 2012\/170.JPG\"> <\/p>\n<p> <img decoding=\"async\" src=\"\/wordpress\/image\/sekretarky\/VH 2012\/177.JPG\"> <\/p>\n<p> <img decoding=\"async\" src=\"\/wordpress\/image\/sekretarky\/VH 2012\/178.JPG\"> <\/p>\n<p> <img decoding=\"async\" src=\"\/wordpress\/image\/sekretarky\/VH 2012\/179.JPG\"> <\/p>\n<p> <img decoding=\"async\" src=\"\/wordpress\/image\/sekretarky\/VH 2012\/187.JPG\"> <\/p>\n<p> <img decoding=\"async\" src=\"\/wordpress\/image\/sekretarky\/VH 2012\/188.JPG\"> <\/p>\n","protected":false},"excerpt":{"rendered":"<a href=\"https:\/\/www.caths.cz\/wordpress\/mimoradna-valna-hromada-caths\/\"><img loading=\"lazy\" decoding=\"async\" width=\"100\" height=\"100\" src=\"https:\/\/www.caths.cz\/wordpress\/wp-content\/plugins\/thumbnail-for-excerpts\/tfe_no_thumb.png\" class=\"alignleft wp-post-image tfe\" alt=\"\" title=\"\" \/><\/a><p>V sobotu dne 17.3.2012 se uskute\u010dnila mimo\u0159\u00e1dn\u00e1 Valn\u00e1 hromada \u010cATHS. Zased\u00e1n\u00ed se z\u00fa\u010dastnila i Gener\u00e1ln\u00ed sekret\u00e1\u0159ka organizace IWAS pan\u00ed Maura Strange. Hlavn\u00edm d\u016fvodem svol\u00e1n\u00ed t\u00e9to Valn\u00e9 hromady bylo ud\u011blen\u00ed mand\u00e1tu [&hellip;]<\/p>\n","protected":false},"author":1,"featured_media":0,"comment_status":"closed","ping_status":"closed","sticky":false,"template":"","format":"standard","meta":{"ngg_post_thumbnail":0,"footnotes":""},"categories":[6],"tags":[],"class_list":["post-2195","post","type-post","status-publish","format-standard","hentry","category-caths-info"],"_links":{"self":[{"href":"https:\/\/www.caths.cz\/wordpress\/wp-json\/wp\/v2\/posts\/2195","targetHints":{"allow":["GET"]}}],"collection":[{"href":"https:\/\/www.caths.cz\/wordpress\/wp-json\/wp\/v2\/posts"}],"about":[{"href":"https:\/\/www.caths.cz\/wordpress\/wp-json\/wp\/v2\/types\/post"}],"author":[{"embeddable":true,"href":"https:\/\/www.caths.cz\/wordpress\/wp-json\/wp\/v2\/users\/1"}],"replies":[{"embeddable":true,"href":"https:\/\/www.caths.cz\/wordpress\/wp-json\/wp\/v2\/comments?post=2195"}],"version-history":[{"count":0,"href":"https:\/\/www.caths.cz\/wordpress\/wp-json\/wp\/v2\/posts\/2195\/revisions"}],"wp:attachment":[{"href":"https:\/\/www.caths.cz\/wordpress\/wp-json\/wp\/v2\/media?parent=2195"}],"wp:term":[{"taxonomy":"category","embeddable":true,"href":"https:\/\/www.caths.cz\/wordpress\/wp-json\/wp\/v2\/categories?post=2195"},{"taxonomy":"post_tag","embeddable":true,"href":"https:\/\/www.caths.cz\/wordpress\/wp-json\/wp\/v2\/tags?post=2195"}],"curies":[{"name":"wp","href":"https:\/\/api.w.org\/{rel}","templated":true}]}}