{"id":21944,"date":"2015-09-11T22:19:08","date_gmt":"2015-09-11T21:19:08","guid":{"rendered":"http:\/\/www.caths.cz\/wordpress\/?p=21944"},"modified":"2015-09-11T22:19:08","modified_gmt":"2015-09-11T21:19:08","slug":"v-uvodni-casovce-finaloveho-zavodu-sp-v-jar-ziskali-cesti-handicapovani-cykliste-tri-medaile","status":"publish","type":"post","link":"https:\/\/www.caths.cz\/wordpress\/v-uvodni-casovce-finaloveho-zavodu-sp-v-jar-ziskali-cesti-handicapovani-cykliste-tri-medaile\/","title":{"rendered":"V \u00favodn\u00ed \u010dasovce fin\u00e1lov\u00e9ho z\u00e1vodu SP v JAR z\u00edskali \u010de\u0161t\u00ed handicapovan\u00ed cyklist\u00e9 t\u0159i medaile!"},"content":{"rendered":"<p>Hned t\u0159i p\u00f3diov\u00e1 um\u00edst\u011bn\u00ed z\u00edskali p\u0159i fin\u00e1lov\u00e9 \u010dasovce Sv\u011btov\u00e9ho poh\u00e1ru na\u0161i handicapovan\u00ed cyklist\u00e9 v Pietermaritzburgu.<\/p>\n<p>Tereza Diepoldov\u00e1 v\u00a0kategorii C2 cyklistek s\u00a0nadkolenn\u00ed amputac\u00ed vybojovala vynikaj\u00edc\u00ed st\u0159\u00edbro a p\u0159esto v\u00a0c\u00edli nebyla sympatick\u00e1 studentka FTVS UK v\u00a0Praze a \u010dlenka t\u00fdmu Nutrend Specialized Racing spokojen\u00e1.<\/p>\n<p><strong><em>\u201eNec\u00edtila jsem se p\u0159ed z\u00e1vodem \u00fapln\u011b v\u00a0pohod\u011b po dlouh\u00e9m letu do Pietermaritsburgu, ale v\u00a0z\u00e1vod\u011b se mi nakonec jelo velmi dob\u0159e. Bohu\u017eel hodn\u011b ztr\u00e1c\u00edm v\u00a0technice, mus\u00edme na tom p\u0159es zimu tvrd\u011b zapracovat, pokud chci za rok v\u00a0Riu bojovat o p\u0159edn\u00ed um\u00edst\u011bn\u00ed\u201c <\/em><\/strong>uvedla hned po dojezdu st\u0159\u00edbrn\u00e1 paralympijsk\u00e1 medailistka z\u00a0Lond\u00fdna.<\/p>\n<p><a href=\"http:\/\/www.caths.cz\/wordpress\/wp-content\/uploads\/2015\/09\/thumb_IMG_1843_1024.jpg\"><img loading=\"lazy\" decoding=\"async\" class=\"alignnone size-large wp-image-21945\" src=\"http:\/\/www.caths.cz\/wordpress\/wp-content\/uploads\/2015\/09\/thumb_IMG_1843_1024-768x1024.jpg\" alt=\"thumb_IMG_1843_1024\" width=\"600\" height=\"800\" srcset=\"https:\/\/www.caths.cz\/wordpress\/wp-content\/uploads\/2015\/09\/thumb_IMG_1843_1024.jpg 768w, https:\/\/www.caths.cz\/wordpress\/wp-content\/uploads\/2015\/09\/thumb_IMG_1843_1024-225x300.jpg 225w, https:\/\/www.caths.cz\/wordpress\/wp-content\/uploads\/2015\/09\/thumb_IMG_1843_1024-90x120.jpg 90w\" sizes=\"auto, (max-width: 600px) 100vw, 600px\" \/><\/a><\/p>\n<p>V\u00a0odpoledn\u00edm programu Terku napodobil jej\u00ed t\u00fdmov\u00fd kolega z\u00e1vod\u00edc\u00ed na handbike v\u00a0kategorii H1 Patrik Jahoda a v\u00a0kopcovit\u00e9 \u010dasovce rovn\u011b\u017e vybojoval st\u0159\u00edbrnou medaili a p\u0159ed sobotn\u00edm silni\u010dn\u00edm z\u00e1vode st\u00e1le z\u016fst\u00e1v\u00e1 v\u00a0boji o celkov\u00e9 prvenstv\u00ed ve Sv\u011btov\u00e9m poh\u00e1ru.<\/p>\n<p><strong><em>\u201eS\u00e1m jsme byl p\u0159ekvapen\u00fd jako dob\u0159e se mi v\u00a0t\u011bch kopc\u00edch jelo, sv\u011bd\u010d\u00ed mi sp\u00ed\u0161e rovinat\u00e9 trat\u011b\u201c <\/em><\/strong>hodnotil po z\u00e1vod\u011b sv\u016fj v\u00fdkon Patrik a k\u00a0ambic\u00edm na celkov\u00e9 v\u00edt\u011bzstv\u00ed ve Sv\u011btov\u00e9m poh\u00e1ru dodal <strong><em>\u201esamoz\u0159ejm\u011b budu z\u00edtra bojovat co to p\u016fjde\u201c. <\/em><\/strong>P\u0159i medailov\u00e9m ceremoni\u00e1lu jezdc\u016f kategorie H1 do\u0161lo k\u00a0velmi emotivn\u00ed z\u00e1le\u017eitosti. P\u0159ed spu\u0161t\u011bn\u00edm hymny v\u00edt\u011bze z\u00e1vodu Jihoafri\u010dana Nikolase Pietera Du Preeze do\u0161lo k\u00a0poru\u0161e a v\u00fdpadku elektrick\u00e9 energie. Po chv\u00edli ticha za\u010dali p\u0159\u00edtomn\u00ed dom\u00e1c\u00ed div\u00e1ci spont\u00e1nn\u011b zp\u00edvat hymnu sv\u00e9ho v\u00edt\u011bze a v\u00fdsledn\u00e9mu chor\u00e1lu pot\u00e9 dlouho aplaudoval cel\u00fd stadion. \u00a0\u00a0\u00a0\u00a0\u00a0<strong><em>\u00a0<\/em><\/strong><\/p>\n<p><a href=\"http:\/\/www.caths.cz\/wordpress\/wp-content\/uploads\/2015\/09\/sp-pietermaritzburg-180.jpg\"><img loading=\"lazy\" decoding=\"async\" class=\"alignnone size-large wp-image-21946\" src=\"http:\/\/www.caths.cz\/wordpress\/wp-content\/uploads\/2015\/09\/sp-pietermaritzburg-180-1024x683.jpg\" alt=\"sp pietermaritzburg 180\" width=\"600\" height=\"400\" srcset=\"https:\/\/www.caths.cz\/wordpress\/wp-content\/uploads\/2015\/09\/sp-pietermaritzburg-180-1024x683.jpg 1024w, https:\/\/www.caths.cz\/wordpress\/wp-content\/uploads\/2015\/09\/sp-pietermaritzburg-180-300x200.jpg 300w, https:\/\/www.caths.cz\/wordpress\/wp-content\/uploads\/2015\/09\/sp-pietermaritzburg-180-120x80.jpg 120w, https:\/\/www.caths.cz\/wordpress\/wp-content\/uploads\/2015\/09\/sp-pietermaritzburg-180.jpg 1166w\" sizes=\"auto, (max-width: 600px) 100vw, 600px\" \/><\/a><\/p>\n<p>Bronzovou medaili pak do \u010desk\u00e9 sb\u00edrky p\u0159idal, nejmlad\u0161\u00ed \u010dlen v\u00fdpravy, Ivo Koblasa v\u00a0kategorii C2. Ivo jel od \u00favodn\u00edch metr\u00fa z\u00e1vodu velmi rychle a od v\u00edt\u011bze Rusa Gilmutinova jej d\u011blilo pouh\u00fdch dvacet sekund. Neb\u00fdt \u0159ady technick\u00fdch chyb v\u00a0zat\u00e1\u010dk\u00e1ch, kter\u00e9 Ivo neprojel p\u0159\u00edli\u0161 \u010dist\u011b a v\u00a0jedn\u00e9 se dokonce dostal a\u017e\u00a0 na travnat\u00fd povrch v\u00a0bl\u00edzkosti silnice, mohlo b\u00fdt jeho um\u00edst\u011bn\u00ed je\u0161t\u011b v\u00fdrazn\u011bj\u0161\u00ed. \u00a0\u00a0<strong><em>\u00a0<\/em><\/strong><\/p>\n<p><a href=\"http:\/\/www.caths.cz\/wordpress\/wp-content\/uploads\/2015\/09\/sp-pietermaritzburg-119.jpg\"><img loading=\"lazy\" decoding=\"async\" class=\"alignnone size-large wp-image-21947\" src=\"http:\/\/www.caths.cz\/wordpress\/wp-content\/uploads\/2015\/09\/sp-pietermaritzburg-119-1024x767.jpg\" alt=\"sp pietermaritzburg 119\" width=\"600\" height=\"449\" srcset=\"https:\/\/www.caths.cz\/wordpress\/wp-content\/uploads\/2015\/09\/sp-pietermaritzburg-119-1024x767.jpg 1024w, https:\/\/www.caths.cz\/wordpress\/wp-content\/uploads\/2015\/09\/sp-pietermaritzburg-119-300x225.jpg 300w, https:\/\/www.caths.cz\/wordpress\/wp-content\/uploads\/2015\/09\/sp-pietermaritzburg-119-120x90.jpg 120w, https:\/\/www.caths.cz\/wordpress\/wp-content\/uploads\/2015\/09\/sp-pietermaritzburg-119.jpg 1200w\" sizes=\"auto, (max-width: 600px) 100vw, 600px\" \/><\/a><\/p>\n<p><a href=\"http:\/\/www.caths.cz\/wordpress\/wp-content\/uploads\/2015\/09\/thumb_P9110355_1024.jpg\"><img loading=\"lazy\" decoding=\"async\" class=\"alignnone size-large wp-image-21948\" src=\"http:\/\/www.caths.cz\/wordpress\/wp-content\/uploads\/2015\/09\/thumb_P9110355_1024-971x1024.jpg\" alt=\"thumb_P9110355_1024\" width=\"600\" height=\"633\" srcset=\"https:\/\/www.caths.cz\/wordpress\/wp-content\/uploads\/2015\/09\/thumb_P9110355_1024.jpg 971w, https:\/\/www.caths.cz\/wordpress\/wp-content\/uploads\/2015\/09\/thumb_P9110355_1024-284x300.jpg 284w, https:\/\/www.caths.cz\/wordpress\/wp-content\/uploads\/2015\/09\/thumb_P9110355_1024-114x120.jpg 114w\" sizes=\"auto, (max-width: 600px) 100vw, 600px\" \/><\/a><\/p>\n<p>V\u00a0kategorii C4 obsadil Ji\u0159\u00ed Je\u017eek v\u00a0absolutn\u00ed konkurenci vynikaj\u00edc\u00ed p\u00e1t\u00e9 m\u00edsto, co\u017e je jeho nejlep\u0161\u00ed um\u00edst\u011bn\u00ed od t\u011b\u017ek\u00e9ho zran\u011bn\u00ed, kter\u00e9 si p\u0159ivodil p\u0159ed rokem v\u00a0z\u00e1vod\u011b mistrovstv\u00ed sv\u011bta. Ve stejn\u00e9 kategorii dokon\u010dil Ji\u0159\u00ed Bou\u0161ka z\u00e1vod na \u0161est\u00e9m m\u00edst\u011b a v\u00a0kategorii handbikerek H3 obsadila Kate\u0159ina Anto\u0161ov\u00e1 \u010dtvrt\u00e9 m\u00edsto.<\/p>\n<p>&nbsp;<\/p>\n","protected":false},"excerpt":{"rendered":"<a href=\"https:\/\/www.caths.cz\/wordpress\/v-uvodni-casovce-finaloveho-zavodu-sp-v-jar-ziskali-cesti-handicapovani-cykliste-tri-medaile\/\"><img width=\"100\" height=\"100\" src=\"https:\/\/www.caths.cz\/wordpress\/wp-content\/uploads\/2015\/09\/thumb_IMG_1843_1024-100x100.jpg\" class=\"alignleft tfe wp-post-image\" alt=\"\" decoding=\"async\" loading=\"lazy\" srcset=\"https:\/\/www.caths.cz\/wordpress\/wp-content\/uploads\/2015\/09\/thumb_IMG_1843_1024-100x100.jpg 100w, https:\/\/www.caths.cz\/wordpress\/wp-content\/uploads\/2015\/09\/thumb_IMG_1843_1024-150x150.jpg 150w\" sizes=\"auto, (max-width: 100px) 100vw, 100px\" \/><\/a><p>Hned t\u0159i p\u00f3diov\u00e1 um\u00edst\u011bn\u00ed z\u00edskali p\u0159i fin\u00e1lov\u00e9 \u010dasovce Sv\u011btov\u00e9ho poh\u00e1ru na\u0161i handicapovan\u00ed cyklist\u00e9 v Pietermaritzburgu. Tereza Diepoldov\u00e1 v\u00a0kategorii C2 cyklistek s\u00a0nadkolenn\u00ed amputac\u00ed vybojovala vynikaj\u00edc\u00ed st\u0159\u00edbro a p\u0159esto v\u00a0c\u00edli nebyla sympatick\u00e1 [&hellip;]<\/p>\n","protected":false},"author":1,"featured_media":21945,"comment_status":"closed","ping_status":"closed","sticky":false,"template":"","format":"standard","meta":{"ngg_post_thumbnail":0,"footnotes":""},"categories":[2,9],"tags":[],"class_list":["post-21944","post","type-post","status-publish","format-standard","has-post-thumbnail","hentry","category-cyklistika","category-handbike"],"_links":{"self":[{"href":"https:\/\/www.caths.cz\/wordpress\/wp-json\/wp\/v2\/posts\/21944","targetHints":{"allow":["GET"]}}],"collection":[{"href":"https:\/\/www.caths.cz\/wordpress\/wp-json\/wp\/v2\/posts"}],"about":[{"href":"https:\/\/www.caths.cz\/wordpress\/wp-json\/wp\/v2\/types\/post"}],"author":[{"embeddable":true,"href":"https:\/\/www.caths.cz\/wordpress\/wp-json\/wp\/v2\/users\/1"}],"replies":[{"embeddable":true,"href":"https:\/\/www.caths.cz\/wordpress\/wp-json\/wp\/v2\/comments?post=21944"}],"version-history":[{"count":1,"href":"https:\/\/www.caths.cz\/wordpress\/wp-json\/wp\/v2\/posts\/21944\/revisions"}],"predecessor-version":[{"id":21949,"href":"https:\/\/www.caths.cz\/wordpress\/wp-json\/wp\/v2\/posts\/21944\/revisions\/21949"}],"wp:featuredmedia":[{"embeddable":true,"href":"https:\/\/www.caths.cz\/wordpress\/wp-json\/wp\/v2\/media\/21945"}],"wp:attachment":[{"href":"https:\/\/www.caths.cz\/wordpress\/wp-json\/wp\/v2\/media?parent=21944"}],"wp:term":[{"taxonomy":"category","embeddable":true,"href":"https:\/\/www.caths.cz\/wordpress\/wp-json\/wp\/v2\/categories?post=21944"},{"taxonomy":"post_tag","embeddable":true,"href":"https:\/\/www.caths.cz\/wordpress\/wp-json\/wp\/v2\/tags?post=21944"}],"curies":[{"name":"wp","href":"https:\/\/api.w.org\/{rel}","templated":true}]}}