{"id":2194,"date":"2012-03-16T09:01:23","date_gmt":"2012-03-16T08:01:23","guid":{"rendered":"http:\/\/www.caths.cz\/wordpress\/?p=2194"},"modified":"2012-03-16T09:01:23","modified_gmt":"2012-03-16T08:01:23","slug":"rok-2012-ma-svuj-kalendar-handicup-horskych-kol-handicapovanych","status":"publish","type":"post","link":"https:\/\/www.caths.cz\/wordpress\/rok-2012-ma-svuj-kalendar-handicup-horskych-kol-handicapovanych\/","title":{"rendered":"Rok 2012 m\u00e1 sv\u016fj kalend\u00e1\u0159 HandiCUP horsk\u00fdch kol handicapovan\u00fdch"},"content":{"rendered":"<p align=\"justify\">\nZve\u0159ej\u0148ujeme kalend\u00e1\u0159 z\u00e1vod\u016f seri\u00e1lu HandiCUP 2012 v horsk\u00e9 cyklistice<br \/>\nhandicapovan\u00fdch. V r\u00e1mci 16 partnersk\u00fdch a poh\u00e1rov\u00fdch cyklistick\u00fdch z\u00e1vod\u016f<br \/>\njsou vyps\u00e1ny i kategorie handicapovan\u00fdch.<br \/>\n<\/a><\/p>\n<p align=\"justify\"> Tradi\u010dn\u00ed organiz\u00e1torem seri\u00e1lu je Tom\u00e1\u0161 Pouch, p\u0159edseda klubu \u010cern\u00fdch kon\u00ed, kter\u00fd ne\u00fanavn\u011b vyjedn\u00e1v\u00e1 s po\u0159adateli cyklistick\u00fdch z\u00e1vod\u016f za\u0159azen\u00ed z\u00e1vodu pro handicapovan\u00e9. Specifikum cyklistiky horsk\u00fdch kol handicapovan\u00fdch nemus\u00edme zd\u016fraz\u0148ovat, i proto pat\u0159\u00ed Tom\u00e1\u0161ovi za tento projekt velk\u00fd d\u00edk. <\/p>\n<p> Rozpis z\u00e1vod\u016f ke sta\u017een\u00ed <a href=\"http:\/\/www.caths.cz\/storage\/cyklistika\/handiCUP 2012.pdf\" target=\"_blank\"> zde <\/p>\n<p><img decoding=\"async\" src=\"\/wordpress\/image\/k_clankum\/ckk0.jpg\"> <\/p>\n<p><img decoding=\"async\" src=\"\/wordpress\/image\/k_clankum\/ckk1.jpg\"> <\/p>\n<p><img decoding=\"async\" src=\"\/wordpress\/image\/k_clankum\/ckk2.jpg\"> <\/p>\n<p><img decoding=\"async\" src=\"\/wordpress\/image\/k_clankum\/ckk3.jpg\"> <\/p>\n<p><img decoding=\"async\" src=\"\/wordpress\/image\/k_clankum\/ckk4.jpg\"><\/p>\n","protected":false},"excerpt":{"rendered":"<a href=\"https:\/\/www.caths.cz\/wordpress\/rok-2012-ma-svuj-kalendar-handicup-horskych-kol-handicapovanych\/\"><img loading=\"lazy\" decoding=\"async\" width=\"100\" height=\"100\" src=\"https:\/\/www.caths.cz\/wordpress\/wp-content\/plugins\/thumbnail-for-excerpts\/tfe_no_thumb.png\" class=\"alignleft wp-post-image tfe\" alt=\"\" title=\"\" \/><\/a><p>Zve\u0159ej\u0148ujeme kalend\u00e1\u0159 z\u00e1vod\u016f seri\u00e1lu HandiCUP 2012 v horsk\u00e9 cyklistice handicapovan\u00fdch. V r\u00e1mci 16 partnersk\u00fdch a poh\u00e1rov\u00fdch cyklistick\u00fdch z\u00e1vod\u016f jsou vyps\u00e1ny i kategorie handicapovan\u00fdch. Tradi\u010dn\u00ed organiz\u00e1torem seri\u00e1lu je Tom\u00e1\u0161 Pouch, p\u0159edseda [&hellip;]<\/p>\n","protected":false},"author":1,"featured_media":0,"comment_status":"closed","ping_status":"closed","sticky":false,"template":"","format":"standard","meta":{"ngg_post_thumbnail":0,"footnotes":""},"categories":[40],"tags":[],"class_list":["post-2194","post","type-post","status-publish","format-standard","hentry","category-pojed-s-nami"],"_links":{"self":[{"href":"https:\/\/www.caths.cz\/wordpress\/wp-json\/wp\/v2\/posts\/2194","targetHints":{"allow":["GET"]}}],"collection":[{"href":"https:\/\/www.caths.cz\/wordpress\/wp-json\/wp\/v2\/posts"}],"about":[{"href":"https:\/\/www.caths.cz\/wordpress\/wp-json\/wp\/v2\/types\/post"}],"author":[{"embeddable":true,"href":"https:\/\/www.caths.cz\/wordpress\/wp-json\/wp\/v2\/users\/1"}],"replies":[{"embeddable":true,"href":"https:\/\/www.caths.cz\/wordpress\/wp-json\/wp\/v2\/comments?post=2194"}],"version-history":[{"count":0,"href":"https:\/\/www.caths.cz\/wordpress\/wp-json\/wp\/v2\/posts\/2194\/revisions"}],"wp:attachment":[{"href":"https:\/\/www.caths.cz\/wordpress\/wp-json\/wp\/v2\/media?parent=2194"}],"wp:term":[{"taxonomy":"category","embeddable":true,"href":"https:\/\/www.caths.cz\/wordpress\/wp-json\/wp\/v2\/categories?post=2194"},{"taxonomy":"post_tag","embeddable":true,"href":"https:\/\/www.caths.cz\/wordpress\/wp-json\/wp\/v2\/tags?post=2194"}],"curies":[{"name":"wp","href":"https:\/\/api.w.org\/{rel}","templated":true}]}}