{"id":21936,"date":"2015-09-09T09:59:59","date_gmt":"2015-09-09T08:59:59","guid":{"rendered":"http:\/\/www.caths.cz\/wordpress\/?p=21936"},"modified":"2015-09-09T09:59:59","modified_gmt":"2015-09-09T08:59:59","slug":"v-jizni-africe-se-uskutecni-dulezite-finale-svetoveho-poharu-handicapovanych-cyklistu","status":"publish","type":"post","link":"https:\/\/www.caths.cz\/wordpress\/v-jizni-africe-se-uskutecni-dulezite-finale-svetoveho-poharu-handicapovanych-cyklistu\/","title":{"rendered":"V Ji\u017en\u00ed Africe se uskute\u010dn\u00ed d\u016fle\u017eit\u00e9 fin\u00e1le sv\u011btov\u00e9ho poh\u00e1ru handicapovan\u00fdch cyklist\u016f"},"content":{"rendered":"<p>Jihoafrick\u00fd Pietermaritzburg byl a\u017e doposud zn\u00e1m\u00fd p\u0159edev\u0161\u00edm jako po\u0159adatel z\u00e1vodu sv\u011btov\u00e9ho poh\u00e1ru \u010di mistrovstv\u00ed sv\u011bta horsk\u00fdch kol. Nyn\u00ed se zdej\u0161\u00ed po\u0159adatel\u00e9 rozhodli roz\u0161\u00ed\u0159it svou po\u0159adatelskou aktivitu tak\u00e9 na po\u010detnou komunitu handicapovan\u00fdch cyklist\u016f a pro nadch\u00e1zej\u00edc\u00ed v\u00edkend bude Pietermaritzburg d\u011bji\u0161t\u011bm fin\u00e1lov\u00e9ho z\u00e1vodu sv\u011btov\u00e9ho poh\u00e1ru handicapovan\u00fdch cyklist\u016f. V\u00a0n\u00e1dhern\u00e9 p\u0159\u00edrod\u011b a na \u010dlenit\u00fdch trat\u00edch v\u00a0okol\u00ed \u010dtvrti Hill a nedalek\u00e9ho m\u011bste\u010dka Howick bude na programu \u010dasovka jednotlivc\u016f a silni\u010dn\u00ed z\u00e1vody v\u0161ech kategori\u00ed.<\/p>\n<p>N\u00e1\u0161 reprezenta\u010dn\u00ed t\u00fdm t\u011blesn\u011b handicapovan\u00fdch cyklist\u016f \u010cATHS, kter\u00fd se od \u00fater\u00fd p\u0159ipravuje p\u0159\u00edmo v\u00a0d\u011bji\u0161ti z\u00e1vodu, p\u0159ijel do Pietermaritzburgu ve velmi siln\u00e9m slo\u017een\u00ed:<\/p>\n<p><strong>C4 Ji\u0159\u00ed Je\u017eek<\/strong><br \/>\n<strong>C2 Tereza Diepoldov\u00e1<\/strong><br \/>\n<strong>C2 Ivo Koblasa<\/strong><br \/>\n<strong>H1 Patrik Jahoda<\/strong><br \/>\n<strong>H3 Kate\u0159ina Anto\u0161ov\u00e1<\/strong><\/p>\n<p>T\u00fdm je\u0161t\u011b dopln\u00ed spastik Ji\u0159\u00ed Bou\u0161ka (C4). Z\u00e1vod v\u00a0Pietermaritzburgu bude velmi d\u016fle\u017eit\u00fd pro jednu z\u00a0posledn\u00edch mo\u017enost\u00ed zisku hodnotn\u00fdch bod\u016f, ze kter\u00fdch se bude n\u00e1sledn\u011b vypo\u010d\u00edt\u00e1vat kv\u00f3ta \u010desk\u00e9ho t\u00fdmu pro Paralympijsk\u00e9 hry v\u00a0Rio de Janeiru.<\/p>\n<p><a href=\"http:\/\/www.caths.cz\/wordpress\/wp-content\/uploads\/2015\/09\/images.jpg\"><img loading=\"lazy\" decoding=\"async\" class=\"alignnone size-full wp-image-21937\" src=\"http:\/\/www.caths.cz\/wordpress\/wp-content\/uploads\/2015\/09\/images.jpg\" alt=\"images\" width=\"600\" height=\"74\" srcset=\"https:\/\/www.caths.cz\/wordpress\/wp-content\/uploads\/2015\/09\/images.jpg 600w, https:\/\/www.caths.cz\/wordpress\/wp-content\/uploads\/2015\/09\/images-300x37.jpg 300w, https:\/\/www.caths.cz\/wordpress\/wp-content\/uploads\/2015\/09\/images-120x15.jpg 120w\" sizes=\"auto, (max-width: 600px) 100vw, 600px\" \/><\/a><\/p>\n","protected":false},"excerpt":{"rendered":"<a href=\"https:\/\/www.caths.cz\/wordpress\/v-jizni-africe-se-uskutecni-dulezite-finale-svetoveho-poharu-handicapovanych-cyklistu\/\"><img width=\"100\" height=\"49\" src=\"https:\/\/www.caths.cz\/wordpress\/wp-content\/uploads\/2015\/09\/images-150x74.jpg\" class=\"alignleft tfe wp-post-image\" alt=\"\" decoding=\"async\" loading=\"lazy\" \/><\/a><p>Jihoafrick\u00fd Pietermaritzburg byl a\u017e doposud zn\u00e1m\u00fd p\u0159edev\u0161\u00edm jako po\u0159adatel z\u00e1vodu sv\u011btov\u00e9ho poh\u00e1ru \u010di mistrovstv\u00ed sv\u011bta horsk\u00fdch kol. Nyn\u00ed se zdej\u0161\u00ed po\u0159adatel\u00e9 rozhodli roz\u0161\u00ed\u0159it svou po\u0159adatelskou aktivitu tak\u00e9 na po\u010detnou komunitu [&hellip;]<\/p>\n","protected":false},"author":1,"featured_media":21937,"comment_status":"closed","ping_status":"closed","sticky":false,"template":"","format":"standard","meta":{"ngg_post_thumbnail":0,"footnotes":""},"categories":[2,9],"tags":[],"class_list":["post-21936","post","type-post","status-publish","format-standard","has-post-thumbnail","hentry","category-cyklistika","category-handbike"],"_links":{"self":[{"href":"https:\/\/www.caths.cz\/wordpress\/wp-json\/wp\/v2\/posts\/21936","targetHints":{"allow":["GET"]}}],"collection":[{"href":"https:\/\/www.caths.cz\/wordpress\/wp-json\/wp\/v2\/posts"}],"about":[{"href":"https:\/\/www.caths.cz\/wordpress\/wp-json\/wp\/v2\/types\/post"}],"author":[{"embeddable":true,"href":"https:\/\/www.caths.cz\/wordpress\/wp-json\/wp\/v2\/users\/1"}],"replies":[{"embeddable":true,"href":"https:\/\/www.caths.cz\/wordpress\/wp-json\/wp\/v2\/comments?post=21936"}],"version-history":[{"count":1,"href":"https:\/\/www.caths.cz\/wordpress\/wp-json\/wp\/v2\/posts\/21936\/revisions"}],"predecessor-version":[{"id":21938,"href":"https:\/\/www.caths.cz\/wordpress\/wp-json\/wp\/v2\/posts\/21936\/revisions\/21938"}],"wp:featuredmedia":[{"embeddable":true,"href":"https:\/\/www.caths.cz\/wordpress\/wp-json\/wp\/v2\/media\/21937"}],"wp:attachment":[{"href":"https:\/\/www.caths.cz\/wordpress\/wp-json\/wp\/v2\/media?parent=21936"}],"wp:term":[{"taxonomy":"category","embeddable":true,"href":"https:\/\/www.caths.cz\/wordpress\/wp-json\/wp\/v2\/categories?post=21936"},{"taxonomy":"post_tag","embeddable":true,"href":"https:\/\/www.caths.cz\/wordpress\/wp-json\/wp\/v2\/tags?post=21936"}],"curies":[{"name":"wp","href":"https:\/\/api.w.org\/{rel}","templated":true}]}}