{"id":21925,"date":"2015-08-22T13:34:36","date_gmt":"2015-08-22T12:34:36","guid":{"rendered":"http:\/\/www.caths.cz\/wordpress\/?p=21925"},"modified":"2015-08-22T13:34:36","modified_gmt":"2015-08-22T12:34:36","slug":"basketbaliste-odletaji-na-mistrovstvi-evropy-2015","status":"publish","type":"post","link":"https:\/\/www.caths.cz\/wordpress\/basketbaliste-odletaji-na-mistrovstvi-evropy-2015\/","title":{"rendered":"Basketbalist\u00e9 odl\u00e9taj\u00ed na Mistrovstv\u00ed Evropy 2015"},"content":{"rendered":"<p>\u010cesk\u00fd reprezenta\u010dn\u00ed t\u00fdm basketbalu na voz\u00edku ve st\u0159edu 28.8.2015 odl\u00e9t\u00e1 na Mistrovstv\u00ed Evropy elitn\u00ed skupiny A do britsk\u00e9ho Worchesteru.<\/p>\n<p>\u0160ampion\u00e1tu se z\u00fa\u010dastn\u00ed celkem 12 t\u00fdm\u016f (\u010cesk\u00e1 republika, \u0160pan\u011blsko, Francie, Velk\u00e1 Brit\u00e1nie, N\u011bmecko, Izrael, It\u00e1lie, Holandsko, Polsko, \u0160v\u00fdcarsko, \u0160v\u00e9dsko a Turecko). \u010cesk\u00fd t\u00fdm se elitn\u00ed skupiny Mistrovstv\u00ed Evropy z\u00fa\u010dast\u0148uje po v\u00edce jak 10 letech.<\/p>\n<p>\u010ce\u0161t\u00ed reprezentanti se posledn\u00edch \u0161est t\u00fddn\u016f intenzivn\u011b p\u0159ipravovali jak ve sv\u00fdch mate\u0159sk\u00fdch klubech, tak ka\u017ed\u00fd v\u00edkend ve Sportovn\u00edm centru Nymburk. Tam se rovn\u011b\u017e odehr\u00e1l turnaj Future Cup, ve kter\u00e9m se utkaly reprezentace Izraele, Rakouska a Loty\u0161ska a kter\u00fd byl v\u00fdznamnou prov\u011brkou \u010desk\u00e9 reprezentace p\u0159ed odletem na mistrovstv\u00ed Evropy.<\/p>\n<p>Celkov\u00e9 po\u0159ad\u00ed turnaje:<\/p>\n<p style=\"line-height: 14.5pt; margin: 0cm 0cm 4.5pt 0cm;\"><span style=\"font-size: 10.5pt; font-family: 'Helvetica','sans-serif'; color: #141823;\">1. Izrael<br \/>\n2. \u010cesk\u00e1 Republika<br \/>\n3. Rakousko<br \/>\n<span class=\"textexposedshow\">4. Loty\u0161sko<\/span><\/span><\/p>\n<p style=\"line-height: 14.5pt; margin: 0cm 0cm 4.5pt 0cm;\"><span style=\"font-size: 10.5pt; font-family: 'Helvetica','sans-serif'; color: #141823;\">V\u00fdsledky \u010desk\u00e9ho t\u00fdmu:<br \/>\nCZE 53 : 64 ISRAEL<br \/>\nCZE 63 : 49 LATVIA<br \/>\nCZE 64 : 62 RAKOUSKO<\/span><\/p>\n<p>Kr\u00e1tkou report\u00e1\u017e z turnaje Future Cup 2015 m\u016f\u017eete shl\u00e9dnout\u00a0 <a href=\"http:\/\/www.ceskatelevize.cz\/sport\/micove-sporty\/basketbal\/318882-cesti-basketbaliste-na-voziku-skoncili-na-future-cupu-druzi\/\">ZDE<\/a><\/p>\n<p>O p\u0159\u00edprav\u011b n\u00e1rodn\u00edho t\u00fdmu byla d\u00e1le zve\u0159ejn\u011bna report\u00e1\u017e v Paralympijsk\u00e9m magaz\u00ednu, kterou naleznete <a href=\"http:\/\/www.ceskatelevize.cz\/porady\/10207467257-paralympijsky-magazin\/215471290250007\/video\/\">ZDE<\/a><\/p>\n<p><a href=\"http:\/\/www.caths.cz\/wordpress\/wp-content\/uploads\/2015\/08\/soust\u0159ed\u011bn\u00ed-nymburk.jpg\"><img loading=\"lazy\" decoding=\"async\" class=\"alignnone size-full wp-image-21926\" src=\"http:\/\/www.caths.cz\/wordpress\/wp-content\/uploads\/2015\/08\/soust\u0159ed\u011bn\u00ed-nymburk.jpg\" alt=\"soust\u0159ed\u011bn\u00ed nymburk\" width=\"960\" height=\"640\" srcset=\"https:\/\/www.caths.cz\/wordpress\/wp-content\/uploads\/2015\/08\/soust\u0159ed\u011bn\u00ed-nymburk.jpg 960w, https:\/\/www.caths.cz\/wordpress\/wp-content\/uploads\/2015\/08\/soust\u0159ed\u011bn\u00ed-nymburk-300x200.jpg 300w, https:\/\/www.caths.cz\/wordpress\/wp-content\/uploads\/2015\/08\/soust\u0159ed\u011bn\u00ed-nymburk-120x80.jpg 120w\" sizes=\"auto, (max-width: 960px) 100vw, 960px\" \/><\/a><\/p>\n<p>Dal\u0161\u00ed fotoreport\u00e1\u017ee z p\u0159\u00edpravy \u010desk\u00e9ho t\u00fdmu naleznete <a href=\"https:\/\/www.facebook.com\/media\/set\/?set=a.867531873300391.1073741832.687975294589384&amp;type=3\">ZDE<\/a> a <a href=\"https:\/\/www.facebook.com\/media\/set\/?set=a.870227123030866.1073741833.687975294589384&amp;type=3\">ZDE<\/a><\/p>\n","protected":false},"excerpt":{"rendered":"<a href=\"https:\/\/www.caths.cz\/wordpress\/basketbaliste-odletaji-na-mistrovstvi-evropy-2015\/\"><img width=\"100\" height=\"100\" src=\"https:\/\/www.caths.cz\/wordpress\/wp-content\/uploads\/2015\/08\/soust\u0159ed\u011bn\u00ed-nymburk-100x100.jpg\" class=\"alignleft tfe wp-post-image\" alt=\"\" decoding=\"async\" loading=\"lazy\" srcset=\"https:\/\/www.caths.cz\/wordpress\/wp-content\/uploads\/2015\/08\/soust\u0159ed\u011bn\u00ed-nymburk-100x100.jpg 100w, https:\/\/www.caths.cz\/wordpress\/wp-content\/uploads\/2015\/08\/soust\u0159ed\u011bn\u00ed-nymburk-150x150.jpg 150w\" sizes=\"auto, (max-width: 100px) 100vw, 100px\" \/><\/a><p>\u010cesk\u00fd reprezenta\u010dn\u00ed t\u00fdm basketbalu na voz\u00edku ve st\u0159edu 28.8.2015 odl\u00e9t\u00e1 na Mistrovstv\u00ed Evropy elitn\u00ed skupiny A do britsk\u00e9ho Worchesteru. \u0160ampion\u00e1tu se z\u00fa\u010dastn\u00ed celkem 12 t\u00fdm\u016f (\u010cesk\u00e1 republika, \u0160pan\u011blsko, Francie, Velk\u00e1 [&hellip;]<\/p>\n","protected":false},"author":1,"featured_media":21926,"comment_status":"closed","ping_status":"closed","sticky":false,"template":"","format":"standard","meta":{"ngg_post_thumbnail":0,"footnotes":""},"categories":[1],"tags":[],"class_list":["post-21925","post","type-post","status-publish","format-standard","has-post-thumbnail","hentry","category-nezarazene"],"_links":{"self":[{"href":"https:\/\/www.caths.cz\/wordpress\/wp-json\/wp\/v2\/posts\/21925","targetHints":{"allow":["GET"]}}],"collection":[{"href":"https:\/\/www.caths.cz\/wordpress\/wp-json\/wp\/v2\/posts"}],"about":[{"href":"https:\/\/www.caths.cz\/wordpress\/wp-json\/wp\/v2\/types\/post"}],"author":[{"embeddable":true,"href":"https:\/\/www.caths.cz\/wordpress\/wp-json\/wp\/v2\/users\/1"}],"replies":[{"embeddable":true,"href":"https:\/\/www.caths.cz\/wordpress\/wp-json\/wp\/v2\/comments?post=21925"}],"version-history":[{"count":1,"href":"https:\/\/www.caths.cz\/wordpress\/wp-json\/wp\/v2\/posts\/21925\/revisions"}],"predecessor-version":[{"id":21927,"href":"https:\/\/www.caths.cz\/wordpress\/wp-json\/wp\/v2\/posts\/21925\/revisions\/21927"}],"wp:featuredmedia":[{"embeddable":true,"href":"https:\/\/www.caths.cz\/wordpress\/wp-json\/wp\/v2\/media\/21926"}],"wp:attachment":[{"href":"https:\/\/www.caths.cz\/wordpress\/wp-json\/wp\/v2\/media?parent=21925"}],"wp:term":[{"taxonomy":"category","embeddable":true,"href":"https:\/\/www.caths.cz\/wordpress\/wp-json\/wp\/v2\/categories?post=21925"},{"taxonomy":"post_tag","embeddable":true,"href":"https:\/\/www.caths.cz\/wordpress\/wp-json\/wp\/v2\/tags?post=21925"}],"curies":[{"name":"wp","href":"https:\/\/api.w.org\/{rel}","templated":true}]}}