{"id":21921,"date":"2015-08-21T12:57:04","date_gmt":"2015-08-21T11:57:04","guid":{"rendered":"http:\/\/www.caths.cz\/wordpress\/?p=21921"},"modified":"2015-08-21T12:57:04","modified_gmt":"2015-08-21T11:57:04","slug":"novomestsky-pohar-2015-5-kolo-a-20-mistrovstvi-cr-handicapovanych","status":"publish","type":"post","link":"https:\/\/www.caths.cz\/wordpress\/novomestsky-pohar-2015-5-kolo-a-20-mistrovstvi-cr-handicapovanych\/","title":{"rendered":"Novom\u011bstsk\u00fd poh\u00e1r 2015 \u2013 5. kolo a 20. Mistrovstv\u00ed \u010cR handicapovan\u00fdch."},"content":{"rendered":"<p>O v\u00edkendu 15. \u2013 16. srpna 2015 se uskute\u010dnilo posledn\u00ed p\u00e1t\u00e9 kolo celorepublikov\u00e9 sout\u011b\u017ee v\u00a0lukost\u0159elb\u011b \u2013 Novom\u011bstsk\u00fd poh\u00e1r 2015. Z\u00e1vodu se z\u00fa\u010dastnilo celkem 16 lukost\u0159elc\u016f, p\u0159ev\u00e1\u017en\u011b z\u00a0dom\u00e1c\u00edho odd\u00edlu SK Nov\u00e9 M\u011bsto nad Metuj\u00ed. V\u00a0sobotu a v\u00a0ned\u011bli se st\u0159\u00edlel jeden z\u00e1vod WA720\/50 v\u00a0kategorii kladkov\u00fd luk a sout\u011b\u017e WA\/720\/70 v\u00a0kategorii reflexn\u00ed luk. Sout\u011b\u017ee se z\u00fa\u010dastnily jak \u017eeny, tak i mu\u017ei. V\u00a0kategorii kladkov\u00fd luk mu\u017ei zv\u00edt\u011bzil Ji\u0159\u00ed Klich (NMM), v\u00a0kategorii reflexn\u00ed luk mu\u017ei zv\u00edt\u011bzil Martin Chaloupsk\u00fd (LIV) a v\u00a0\u017een\u00e1ch zv\u00edt\u011bzila Miroslava \u010cern\u00e1 (NMM).<\/p>\n<p>Toto posledn\u00ed kolo bylo z\u00e1rove\u0148 vyhl\u00e1\u0161eno jako 20. Mistrovstv\u00ed \u010cR v lukost\u0159elb\u011b handicapovan\u00fdch sportovc\u016f a tak po ukon\u010den\u00ed elimina\u010dn\u00edch sout\u011b\u017e\u00ed byli vyhl\u00e1\u0161en\u00ed Mist\u0159i \u010cR pro rok 2015 v\u00a0ter\u010dov\u00e9 lukost\u0159elb\u011b. Mistrem \u010cR v\u00a0kategorii kladkov\u00fd luk \u2013 mu\u017ei se stal Ji\u0159\u00ed KLICH, v\u00a0kategorii reflexn\u00ed luk \u2013 mu\u017ei Martin CHALOUPSK\u00dd a v\u00a0kategorii reflexn\u00ed luk \u2013 \u017eeny Miroslava \u010cERN\u00c1.<\/p>\n<p>V\u0161ichni z\u00fa\u010dastn\u011bn\u00ed byli s\u00a0pr\u016fb\u011bhem z\u00e1vodu velmi spokojeni. Po\u010das\u00ed o tomto v\u00edkendu opravdu p\u0159\u00e1lo lukost\u0159elb\u011b, v\u00a0sobotu i v\u00a0ned\u011bli bylo absolutn\u00ed bezv\u011bt\u0159\u00ed, ale bohu\u017eel to trochu kazila vysok\u00e1 teplota vzduchu a v\u011bt\u0161\u00ed dusno.<\/p>\n<p>Z\u00e1rove\u0148 t\u00edmto posledn\u00edm kolem skon\u010dila pro leto\u0161n\u00ed rok sout\u011b\u017e v\u00a0lukost\u0159elb\u011b Novom\u011bstsk\u00fd poh\u00e1r 2015 a v\u00edt\u011bz\u016fm byly rozd\u00e1ny poh\u00e1ry. Tento ro\u010dn\u00edk byl vyhodnocen jako velmi zda\u0159il\u00fd, kdy do celkov\u00e9ho po\u0159ad\u00ed poh\u00e1ru zas\u00e1hlo celkem 20 lukost\u0159elc\u016f. Celkov\u011b se ale na\u0161ich z\u00e1vod\u016f z\u00fa\u010dastnilo i v\u00edce sportovc\u016f st\u0159\u00edlej\u00edc\u00ed jin\u00e9 discipl\u00edny a kategorie, kter\u00e9 se do poh\u00e1ru nezapo\u010d\u00edt\u00e1valy. V\u0161ichni z\u00fa\u010dastn\u011bn\u00ed a i po\u0159adatel\u00e9 jsou r\u00e1di, \u017ee \u00farove\u0148 tohoto poh\u00e1ru je na velmi dobr\u00e9 \u00farovni a douf\u00e1me, \u017ee i pro dal\u0161\u00ed ro\u010dn\u00edky bude obliba stoupat a p\u0159iv\u00edt\u00e1me v\u00a0na\u0161em kr\u00e1sn\u00e9m sportovn\u00edm st\u00e1nku i v\u00edce z\u00e1vodn\u00edk\u016f. Ji\u017e na podzim se bude p\u0159ipravovat dal\u0161\u00ed ro\u010dn\u00edk Novom\u011bstsk\u00e9ho poh\u00e1ru, te\u010f s\u00a0\u010d\u00edslovkou 2016. V\u010das budou na str\u00e1nk\u00e1ch \u010cesk\u00e9ho lukost\u0159eleck\u00e9ho svazu (kalend\u00e1\u0159 z\u00e1vod\u016f) uve\u0159ejn\u011bny term\u00edny kon\u00e1n\u00ed a propozice. Op\u011bt po\u010d\u00edt\u00e1me, \u017ee se bude konat celkem 5 v\u00edkendov\u00fdch kol, kter\u00e9 se budou skl\u00e1dat ze dvou samostatn\u00fdch z\u00e1vod\u016f. Z\u00e1rove\u0148 veden\u00ed klubu p\u0159ipravuje dal\u0161\u00ed ro\u010dn\u00edk mezin\u00e1rodn\u00edho turnaje WRT, kter\u00fd by v\u00a0p\u0159\u00ed\u0161t\u00edm roce m\u011bl b\u00fdt jak nomina\u010dn\u00ed, tak i posledn\u00edm p\u0159\u00edpravn\u00fdm turnajem p\u0159ed paralympi\u00e1dou v\u00a0Rio de Janeiro. Lukost\u0159elb\u011b zdar.<\/p>\n<p><strong>Petr Kopeck\u00fd, DiS.<\/strong><\/p>\n<p><a href=\"http:\/\/www.caths.cz\/wordpress\/wp-content\/uploads\/2015\/08\/CELKOV\u00c9_-VYSLEDKY-POH\u0102R-2015_final.pdf\">CELKOV\u00c9_ VYSLEDKY POH\u0102R 2015_final<\/a><\/p>\n<p><a href=\"http:\/\/www.caths.cz\/wordpress\/wp-content\/uploads\/2015\/08\/SP-lukost\u0159elba-002.jpg\"><img loading=\"lazy\" decoding=\"async\" class=\"alignnone size-large wp-image-21923\" src=\"http:\/\/www.caths.cz\/wordpress\/wp-content\/uploads\/2015\/08\/SP-lukost\u0159elba-002-1024x683.jpg\" alt=\"SP lukost\u0159elba 002\" width=\"600\" height=\"400\" srcset=\"https:\/\/www.caths.cz\/wordpress\/wp-content\/uploads\/2015\/08\/SP-lukost\u0159elba-002-1024x683.jpg 1024w, https:\/\/www.caths.cz\/wordpress\/wp-content\/uploads\/2015\/08\/SP-lukost\u0159elba-002-300x200.jpg 300w, https:\/\/www.caths.cz\/wordpress\/wp-content\/uploads\/2015\/08\/SP-lukost\u0159elba-002-120x80.jpg 120w, https:\/\/www.caths.cz\/wordpress\/wp-content\/uploads\/2015\/08\/SP-lukost\u0159elba-002.jpg 1944w\" sizes=\"auto, (max-width: 600px) 100vw, 600px\" \/><\/a><\/p>\n","protected":false},"excerpt":{"rendered":"<a href=\"https:\/\/www.caths.cz\/wordpress\/novomestsky-pohar-2015-5-kolo-a-20-mistrovstvi-cr-handicapovanych\/\"><img width=\"100\" height=\"100\" src=\"https:\/\/www.caths.cz\/wordpress\/wp-content\/uploads\/2015\/08\/SP-lukost\u0159elba-002-100x100.jpg\" class=\"alignleft tfe wp-post-image\" alt=\"\" decoding=\"async\" loading=\"lazy\" srcset=\"https:\/\/www.caths.cz\/wordpress\/wp-content\/uploads\/2015\/08\/SP-lukost\u0159elba-002-100x100.jpg 100w, https:\/\/www.caths.cz\/wordpress\/wp-content\/uploads\/2015\/08\/SP-lukost\u0159elba-002-150x150.jpg 150w\" sizes=\"auto, (max-width: 100px) 100vw, 100px\" \/><\/a><p>O v\u00edkendu 15. \u2013 16. srpna 2015 se uskute\u010dnilo posledn\u00ed p\u00e1t\u00e9 kolo celorepublikov\u00e9 sout\u011b\u017ee v\u00a0lukost\u0159elb\u011b \u2013 Novom\u011bstsk\u00fd poh\u00e1r 2015. Z\u00e1vodu se z\u00fa\u010dastnilo celkem 16 lukost\u0159elc\u016f, p\u0159ev\u00e1\u017en\u011b z\u00a0dom\u00e1c\u00edho odd\u00edlu SK Nov\u00e9 [&hellip;]<\/p>\n","protected":false},"author":1,"featured_media":21923,"comment_status":"closed","ping_status":"closed","sticky":false,"template":"","format":"standard","meta":{"ngg_post_thumbnail":0,"footnotes":""},"categories":[13],"tags":[],"class_list":["post-21921","post","type-post","status-publish","format-standard","has-post-thumbnail","hentry","category-lukostrelba"],"_links":{"self":[{"href":"https:\/\/www.caths.cz\/wordpress\/wp-json\/wp\/v2\/posts\/21921","targetHints":{"allow":["GET"]}}],"collection":[{"href":"https:\/\/www.caths.cz\/wordpress\/wp-json\/wp\/v2\/posts"}],"about":[{"href":"https:\/\/www.caths.cz\/wordpress\/wp-json\/wp\/v2\/types\/post"}],"author":[{"embeddable":true,"href":"https:\/\/www.caths.cz\/wordpress\/wp-json\/wp\/v2\/users\/1"}],"replies":[{"embeddable":true,"href":"https:\/\/www.caths.cz\/wordpress\/wp-json\/wp\/v2\/comments?post=21921"}],"version-history":[{"count":1,"href":"https:\/\/www.caths.cz\/wordpress\/wp-json\/wp\/v2\/posts\/21921\/revisions"}],"predecessor-version":[{"id":21924,"href":"https:\/\/www.caths.cz\/wordpress\/wp-json\/wp\/v2\/posts\/21921\/revisions\/21924"}],"wp:featuredmedia":[{"embeddable":true,"href":"https:\/\/www.caths.cz\/wordpress\/wp-json\/wp\/v2\/media\/21923"}],"wp:attachment":[{"href":"https:\/\/www.caths.cz\/wordpress\/wp-json\/wp\/v2\/media?parent=21921"}],"wp:term":[{"taxonomy":"category","embeddable":true,"href":"https:\/\/www.caths.cz\/wordpress\/wp-json\/wp\/v2\/categories?post=21921"},{"taxonomy":"post_tag","embeddable":true,"href":"https:\/\/www.caths.cz\/wordpress\/wp-json\/wp\/v2\/tags?post=21921"}],"curies":[{"name":"wp","href":"https:\/\/api.w.org\/{rel}","templated":true}]}}